{"id":301072,"date":"2011-06-30T11:32:40","date_gmt":"2011-06-30T09:32:40","guid":{"rendered":"https:\/\/www.focolare.org\/bispos-amigos-do-movimento-dos-focolares-no-quenia-madagascar-e-republica-dos-camaroes\/"},"modified":"2024-05-13T21:14:04","modified_gmt":"2024-05-13T19:14:04","slug":"bispos-amigos-do-movimento-dos-focolares-no-quenia-madagascar-e-republica-dos-camaroes","status":"publish","type":"post","link":"https:\/\/www.focolare.org\/pt-pt\/bispos-amigos-do-movimento-dos-focolares-no-quenia-madagascar-e-republica-dos-camaroes\/","title":{"rendered":"Bispos amigos do Movimento dos Focolares no Qu\u00eania, Madagascar e Rep\u00fablica dos Camar\u00f5es"},"content":{"rendered":"<p><img alt=\"\" alt=\"\" loading=\"lazy\" decoding=\"async\" class=\"size-200x200 wp-image-40870 alignright\" style=\"margin-left: 10px;border: 0pt none\" src=\"https:\/\/www.focolare.org\/wp-content\/uploads\/2011\/06\/20110630-03-200x141.jpg\" alt=\"\" width=\"200\" height=\"141\" \/><strong>\u201cRedescobrir o des\u00edgnios de Deus hoje\u201d <\/strong>foi o tema dos tr\u00eas congressos internacionais dos <a href=\"https:\/\/www.focolare.org\/pt\/movimento-dei-focolari\/scelte-e-impegno\/vescovi\/\" target=\"_blank\" rel=\"noopener\"><strong>Bispos Amigos do Movimento dos Focolares<\/strong><\/a>, nos meses de maio e junho. Todos abordaram o mesmo assunto, tiveram em comum o desejo de viver a comunh\u00e3o fraterna entre os bispos, o aprofundamento da espiritualidade e da vida de comunh\u00e3o; diferentes eram as caracter\u00edsticas de cada pa\u00eds e as nuan\u00e7as evidenciadas em cada encontro.  Em Nairobi, na cidadezinha de testemunho dos Focolares no Qu\u00eania, a <strong>\u201cMari\u00e1polis Piero\u201d<\/strong>, reuniram-se, de 23 a 27 de maio, dezesseis bispos cat\u00f3licos, provenientes da \u00c1frica do Sul, Angola, Tanz\u00e2nia, Uganda, Burundi e Qu\u00eania. Foram v\u00e1rios os momentos de troca de experi\u00eancias, seja pessoais seja pastorais, com um olhar a <strong>alguns desafios que o continente africano est\u00e1 enfrentando<\/strong>. Para um aprofundamento sobre este evento leia: <a href=\"https:\/\/www.focolare.org\/pt\/news\/2011\/06\/04\/nairobi-convegno-di-vescovi-amici-dei-focolari\/\" target=\"_blank\" rel=\"noopener\"><strong>\u201cNairobi, encontro de bispos amigos do Movimento dos Focolares\u201d<\/strong><\/a>.  <img alt=\"\" alt=\"\" loading=\"lazy\" decoding=\"async\" class=\"alignleft size-200x200 wp-image-40872\" style=\"margin-right: 10px;border: 0pt none\" src=\"https:\/\/www.focolare.org\/wp-content\/uploads\/2011\/06\/20110630-02-200x170.jpg\" alt=\"\" width=\"200\" height=\"170\" \/>Em Moramanga, <strong>Madagascar<\/strong>, de 31 de maio a 3 de junho, foi muito participado o encontro com nove bispos, provenientes de todos os pontos da ilha, a quarta maior do mundo. Entre eles, <strong>D. Antonio Scopelliti<\/strong>, que chegou como um jovem mission\u00e1rio e h\u00e1 muitos anos \u00e9 bispo de <strong>Ambatondrazaka<\/strong>, e promotor da comunh\u00e3o entre bispos, com padres e leigos. Presentes ainda v\u00e1rios bispos nascidos em Madagascar, como<strong> D. Michel Malo<\/strong> (Arcebispo de Antsiranana)\u00a0 e\u00a0 o <strong>N\u00fancio Apost\u00f3lico, D. Eugene Martin Nugent<\/strong>.  O \u00faltimo encontro foi o da<strong> Rep\u00fablica dos Camar\u00f5es<\/strong>, iniciado em Bamenda, dia 7 de junho, e conclu\u00eddo dia 11 de junho, na <strong>Mari\u00e1polis permanente de Fontem<\/strong>. Os bispos foram recepcionados pelo prefeito e dois \u201cChiefs\u201d (chefes) da tribo dos Bangwa, que exprimiram sua alegria por receberem estes visitantes ilustres, numa terra que testemunha a \u201cnova evangeliza\u00e7\u00e3o\u201d, nascida da experi\u00eancia de unidade entre os seus povos e o Movimento dos Focolares. Com a visita ao hospital, ao col\u00e9gio e \u00e0 marcenaria os bispos puderam se dar conta da viv\u00eancia cotidiana do Evangelho, apreciando, principalmente \u201co amor com o qual cada atividade \u00e9 conduzida\u201d.  Entre eles era viva a recorda\u00e7\u00e3o de <strong>D. Paul Verdzekov<\/strong>, falecido ano passado, que durante a sua vida deu um forte testemunho, com ra\u00edzes na espiritualidade focolarina. \u201cFoi um pai para todos n\u00f3s\u201d, comentou<strong> D. Ntep<\/strong>, bispo de Ed\u00e9a (Camar\u00f5es). Na Catedral, ap\u00f3s visitar o seu t\u00famulo, celebraram a S. Missa, com a participa\u00e7\u00e3o de muitos crist\u00e3os que conservam vivamente a sua mem\u00f3ria. Os bispos aproveitaram desses dias para aprofundar assuntos de grande interesse para eles: <strong>os efeitos da <a href=\"http:\/\/www.edc-online.org\/br.html\" target=\"_blank\" rel=\"noopener\">Economia de Comunh\u00e3o<\/a> na \u00c1frica<\/strong>; a<strong> forma\u00e7\u00e3o dos formadores<\/strong>; a Exorta\u00e7\u00e3o Apost\u00f3lica <strong>\u201cVerbum Domini\u201d<\/strong>.  Muito importante tamb\u00e9m foi o tema da <strong>incultura\u00e7\u00e3o<\/strong>. Falando sobre esse assunto,<strong> D. Ntalou<\/strong>, bispo de Garoua (Camar\u00f5es) comentou: \u201cAssim como \u00e9 necess\u00e1rio o esfor\u00e7o de conhecer as \u2018sementes do Verbo\u2019 nas nossas culturas, \u00e9 preciso o empenho de conhecer a luz do Evangelho, porque \u00e9 em Jesus Cristo, e somente Nele, que encontramos a plenitude da salva\u00e7\u00e3o\u201d.  <img alt=\"\" alt=\"\" loading=\"lazy\" decoding=\"async\" class=\"alignright size-200x200 wp-image-40873\" style=\"margin-left: 10px;border: 0pt none\" src=\"https:\/\/www.focolare.org\/wp-content\/uploads\/2011\/06\/20110630-01-200x128.jpg\" alt=\"\" width=\"200\" height=\"128\" \/>Na sauda\u00e7\u00e3o final, <strong>D. Bushu<\/strong>, bispo de Bu\u00e9a (Camar\u00f5es) pareceu exprimir o pensamento de todos: <em>\u201cAgrade\u00e7o a Deus por esta semana, por ter vivido na sua presen\u00e7a&#8230;\u201d<\/em>.  <strong>\u201cA santidade \u00e9 uma d\u00e1diva, n\u00e3o uma atividade\u201d<\/strong>, concluiu o cardeal Vlk, salientando que tudo s\u00e3o dons de Deus: \u201ca nossa santidade consiste em viver em harmonia com o dom que recebemos\u201d.  O ponto mais alto de todos os tr\u00eas congressos foi o <strong>\u201cPacto de <a href=\"https:\/\/www.focolare.org\/pt\/chiara-lubich\/spiritualita-dellunita\/amore-reciproco\/\" target=\"_blank\" rel=\"noopener\">amor rec\u00edproco<\/a>\u201d<\/strong>, estabelecido entre os bispos presentes durante a concelebra\u00e7\u00e3o eucar\u00edstica.<\/p>\n","protected":false},"excerpt":{"rendered":"<p>Os tr\u00eas encontros internacionais reuniram bispos provenientes de 14 na\u00e7\u00f5es africanas. Ao retornarem, os promotores da iniciativa \u2013 cardeal Miloslav Vlk, arcebispo em\u00e9rito de Praga (Rep\u00fablica Tcheca) e D. Agostino Delfino, bispo em\u00e9rito de Berb\u00e9rati (Rep\u00fablica Centro-Africana) \u2013 deram not\u00edcias desses eventos.<\/p>\n","protected":false},"author":34,"featured_media":0,"comment_status":"open","ping_status":"open","sticky":false,"template":"","format":"standard","meta":{"give_campaign_id":0,"_seopress_robots_primary_cat":"","_seopress_titles_title":"","_seopress_titles_desc":"","_seopress_robots_index":"","_et_pb_use_builder":"","_et_pb_old_content":"","_et_gb_content_width":"","footnotes":""},"categories":[909],"tags":[],"class_list":["post-301072","post","type-post","status-publish","format-standard","hentry","category-focolare-worldwide-2-4"],"_links":{"self":[{"href":"https:\/\/www.focolare.org\/pt-pt\/wp-json\/wp\/v2\/posts\/301072","targetHints":{"allow":["GET"]}}],"collection":[{"href":"https:\/\/www.focolare.org\/pt-pt\/wp-json\/wp\/v2\/posts"}],"about":[{"href":"https:\/\/www.focolare.org\/pt-pt\/wp-json\/wp\/v2\/types\/post"}],"author":[{"embeddable":true,"href":"https:\/\/www.focolare.org\/pt-pt\/wp-json\/wp\/v2\/users\/34"}],"replies":[{"embeddable":true,"href":"https:\/\/www.focolare.org\/pt-pt\/wp-json\/wp\/v2\/comments?post=301072"}],"version-history":[{"count":0,"href":"https:\/\/www.focolare.org\/pt-pt\/wp-json\/wp\/v2\/posts\/301072\/revisions"}],"wp:attachment":[{"href":"https:\/\/www.focolare.org\/pt-pt\/wp-json\/wp\/v2\/media?parent=301072"}],"wp:term":[{"taxonomy":"category","embeddable":true,"href":"https:\/\/www.focolare.org\/pt-pt\/wp-json\/wp\/v2\/categories?post=301072"},{"taxonomy":"post_tag","embeddable":true,"href":"https:\/\/www.focolare.org\/pt-pt\/wp-json\/wp\/v2\/tags?post=301072"}],"curies":[{"name":"wp","href":"https:\/\/api.w.org\/{rel}","templated":true}]}}