{"id":301090,"date":"2011-07-17T03:00:37","date_gmt":"2011-07-17T01:00:37","guid":{"rendered":"https:\/\/www.focolare.org\/nova-secao-viver-o-carisma\/"},"modified":"2024-05-13T21:14:06","modified_gmt":"2024-05-13T19:14:06","slug":"nova-secao-viver-o-carisma","status":"publish","type":"post","link":"https:\/\/www.focolare.org\/pt-pt\/nova-secao-viver-o-carisma\/","title":{"rendered":"Nova se\u00e7\u00e3o: viver o carisma"},"content":{"rendered":"<p><strong>A \u201ccultura da unidade\u201d, que brota do <a href=\"https:\/\/www.focolare.org\/pt\/chiara-lubich\/spiritualita-dellunita\/\" target=\"_blank\" rel=\"noopener\">\u201ccarisma da unidade\u201d<\/a>, conduz a pessoa que adere a ela a uma realiza\u00e7\u00e3o completa da sua potencialidade humana, \u00e0 luz dos princ\u00edpios do Evangelho. <\/strong>Este modo de viver unit\u00e1rio n\u00e3o pode deixar de ter um reflexo em todos os \u00e2mbitos nos quais a pessoa vive e age.  <strong>Chiara Lubich escreveu, em 1968<\/strong>: \u00abO amor \u00e9 luz, \u00e9 como um raio de luz que quando atravessa uma gota de \u00e1gua se refrange no arco-\u00edris, onde podem ser admiradas as sete cores. S\u00e3o todas cores de luz, que, por sua vez, se refrangem em infinitas nuan\u00e7as. E como o arco-\u00edris \u00e9 vermelho, alaranjado, amarelo, verde, azul, anil e violeta, o amor, a vida de Jesus em n\u00f3s, poderia ter v\u00e1rias cores, exprimir-se de muitas maneiras, diferentes uma da outra.  Por exemplo:  <img loading=\"lazy\" decoding=\"async\" class=\"alignleft size-full wp-image-19249\" src=\"https:\/\/www.focolare.org\/wp-content\/uploads\/2011\/01\/UA0011-rosso.gif\" alt=\"rosso\" width=\"70\" height=\"10\" \/><strong>O amor \u00e9 comunh\u00e3o, leva \u00e0 comunh\u00e3o. <\/strong> Jesus em n\u00f3s, porque \u00e9 Amor, teria gerado a comunh\u00e3o.  <img loading=\"lazy\" decoding=\"async\" class=\"alignleft size-full wp-image-19248\" src=\"https:\/\/www.focolare.org\/wp-content\/uploads\/2011\/01\/UA0012-arancio.gif\" alt=\"arancio\" width=\"70\" height=\"10\" \/><strong>O amor n\u00e3o \u00e9 fechado em si mesmo, difunde-se por si s\u00f3. <\/strong>Jesus em n\u00f3s, o Amor, seria a irradia\u00e7\u00e3o do amor.  <img loading=\"lazy\" decoding=\"async\" class=\"alignleft size-full wp-image-19238\" src=\"https:\/\/www.focolare.org\/wp-content\/uploads\/2011\/01\/UA0013-giallo.gif\" alt=\"giallo\" width=\"70\" height=\"10\" \/><strong>O amor eleva a alma. <\/strong> Jesus em n\u00f3s teria elevado a nossa alma a Deus, e isto \u00e9 a ora\u00e7\u00e3o.  <img loading=\"lazy\" decoding=\"async\" class=\"alignleft size-full wp-image-19237\" src=\"https:\/\/www.focolare.org\/wp-content\/uploads\/2011\/01\/UA0014-verde.gif\" alt=\"verde\" width=\"70\" height=\"10\" \/><strong>O amor cura. <\/strong> Jesus, o amor no cora\u00e7\u00e3o, seria a sa\u00fade da nossa alma.  <img loading=\"lazy\" decoding=\"async\" class=\"alignleft size-full wp-image-19254\" src=\"https:\/\/www.focolare.org\/wp-content\/uploads\/2010\/06\/UA0015-azzurro.gif\" alt=\"azzurro\" width=\"70\" height=\"10\" \/><strong>O amor re\u00fane as pessoas em assembleia. <\/strong> Jesus em n\u00f3s, porque \u00e9 Amor, teria reunido os cora\u00e7\u00f5es.  <img loading=\"lazy\" decoding=\"async\" class=\"alignleft size-full wp-image-19235\" src=\"https:\/\/www.focolare.org\/wp-content\/uploads\/2011\/01\/UA0016-indaco.gif\" alt=\"indaco\" width=\"70\" height=\"10\" \/><strong>O amor \u00e9 fonte de sabedoria. <\/strong> Jesus em n\u00f3s, o Amor, teria nos iluminado.  <img loading=\"lazy\" decoding=\"async\" class=\"alignleft size-full wp-image-19234\" src=\"https:\/\/www.focolare.org\/wp-content\/uploads\/2011\/01\/UA0017-violetto.gif\" alt=\"violetto\" width=\"70\" height=\"10\" \/><strong>O amor realiza a unidade entre muitos. <\/strong> Jesus faria de n\u00f3s uma s\u00f3 coisa.  Estas s\u00e3o as sete principais express\u00f5es do amor que dever\u00edamos viver. Elas indicam um n\u00famero infinito\u00bb.<\/p>\n","protected":false},"excerpt":{"rendered":"<p>A partir deste domingo publicaremos, em cap\u00edtulos, pequenas gotas de reflex\u00e3o sobre a cultura da unidade e o estilo de vida que deriva dela. Um \u201ccarisma vivido\u201d que pode levar \u00e0 realiza\u00e7\u00e3o plena das potencialidades humanas, \u00e0 luz do Evangelho.<\/p>\n","protected":false},"author":34,"featured_media":0,"comment_status":"open","ping_status":"open","sticky":false,"template":"","format":"standard","meta":{"give_campaign_id":0,"_seopress_robots_primary_cat":"","_seopress_titles_title":"","_seopress_titles_desc":"","_seopress_robots_index":"","_et_pb_use_builder":"","_et_pb_old_content":"","_et_gb_content_width":"","footnotes":""},"categories":[129],"tags":[],"class_list":["post-301090","post","type-post","status-publish","format-standard","hentry","category-sem-categoria"],"_links":{"self":[{"href":"https:\/\/www.focolare.org\/pt-pt\/wp-json\/wp\/v2\/posts\/301090","targetHints":{"allow":["GET"]}}],"collection":[{"href":"https:\/\/www.focolare.org\/pt-pt\/wp-json\/wp\/v2\/posts"}],"about":[{"href":"https:\/\/www.focolare.org\/pt-pt\/wp-json\/wp\/v2\/types\/post"}],"author":[{"embeddable":true,"href":"https:\/\/www.focolare.org\/pt-pt\/wp-json\/wp\/v2\/users\/34"}],"replies":[{"embeddable":true,"href":"https:\/\/www.focolare.org\/pt-pt\/wp-json\/wp\/v2\/comments?post=301090"}],"version-history":[{"count":0,"href":"https:\/\/www.focolare.org\/pt-pt\/wp-json\/wp\/v2\/posts\/301090\/revisions"}],"wp:attachment":[{"href":"https:\/\/www.focolare.org\/pt-pt\/wp-json\/wp\/v2\/media?parent=301090"}],"wp:term":[{"taxonomy":"category","embeddable":true,"href":"https:\/\/www.focolare.org\/pt-pt\/wp-json\/wp\/v2\/categories?post=301090"},{"taxonomy":"post_tag","embeddable":true,"href":"https:\/\/www.focolare.org\/pt-pt\/wp-json\/wp\/v2\/tags?post=301090"}],"curies":[{"name":"wp","href":"https:\/\/api.w.org\/{rel}","templated":true}]}}