{"id":301094,"date":"2011-07-20T07:25:16","date_gmt":"2011-07-20T05:25:16","guid":{"rendered":"https:\/\/www.focolare.org\/tanzania-aprofundar-os-valores-evangelicos-sob-o-signo-do-nos\/"},"modified":"2024-05-13T21:14:07","modified_gmt":"2024-05-13T19:14:07","slug":"tanzania-aprofundar-os-valores-evangelicos-sob-o-signo-do-nos","status":"publish","type":"post","link":"https:\/\/www.focolare.org\/pt-pt\/tanzania-aprofundar-os-valores-evangelicos-sob-o-signo-do-nos\/","title":{"rendered":"Tanz\u00e2nia: aprofundar os valores evang\u00e9licos, sob o signo do \u201cn\u00f3s\u201d."},"content":{"rendered":"<p>Ap\u00f3s uma viagem de cerca de 30 horas, Franco Pizzorno e Pierangelo Tassano, do <strong><a href=\"https:\/\/www.focolare.org\/pt\/movimento-dei-focolari\/un-popolo\/umanita-nuova\/\" target=\"_blank\" rel=\"noopener\">Movimento Humanidade Nova<\/a><\/strong>, chegaram a Singida, na Tanz\u00e2nia.  O objetivo da viagem era participar de uma escola de forma\u00e7\u00e3o para 70 dirigentes dos <a href=\"https:\/\/www.focolare.org\/pt\/movimento-dei-focolari\/scelte-e-impegno\/volontari\/\" target=\"_blank\" rel=\"noopener\"><strong>\u201cvolunt\u00e1rios de Deus\u201d<\/strong><\/a>, provenientes do Qu\u00eania, Uganda, Burundi, Ruanda, Congo e Tanz\u00e2nia, comprometidos em revitalizar os v\u00e1rios \u00e2mbitos da sociedade com os valores do Evangelho. O curso realizou-se de 21 a 25 de junho de 2011.  <img alt=\"\" alt=\"\" loading=\"lazy\" decoding=\"async\" class=\"alignleft size-full wp-image-41842\" style=\"margin-right: 10px;border: 0pt none\" src=\"https:\/\/www.focolare.org\/wp-content\/uploads\/2011\/07\/20110720-b.jpg\" alt=\"\" width=\"210\" height=\"128\" \/>Os cinco dias foram intensos e frutuosos, foi evidenciada a import\u00e2ncia de testemunhar, com a vida, a atualidade e a efic\u00e1cia das palavras do Evangelho. Os aprofundamentos culturais e espirituais, apresentados pelos pr\u00f3prios volunt\u00e1rios e volunt\u00e1rias, e uma profunda partilha de experi\u00eancias, fizeram emergir as linhas de a\u00e7\u00e3o para a busca do bem comum e da paz, na sociedade e entre as etnias, com uma refer\u00eancia especial ao mundo do trabalho e da educa\u00e7\u00e3o.  \u00ab<em>Os povos destas na\u00e7\u00f5es<\/em> \u2013 contaram Franco e Pierangelo \u2013 <em>tem no pr\u00f3prio DNA o germe da comunh\u00e3o e uma aut\u00eantica criatividade, talvez numa medida maior que a de outros continentes. O termo <strong>\u201cUbuntu\u201d<\/strong>, tipicamente africano, que exprime a realidade <strong>\u201ceu sou o que sou por m\u00e9rito daquilo que todos somos\u201d<\/strong>, \u00e9 a raiz natural de uma cultura das rela\u00e7\u00f5es que leva a ver os problemas sob uma \u00f3tica diferente, abrindo espa\u00e7o para novas intui\u00e7\u00f5es, das quais nascem solu\u00e7\u00f5es v\u00e1lidas para os problemas das sociedades africanas, e n\u00e3o s\u00f3<\/em>\u00bb.  <img alt=\"\" alt=\"\" loading=\"lazy\" decoding=\"async\" class=\"alignright size-full wp-image-41844\" style=\"margin-left: 10px;border: 0pt none\" src=\"https:\/\/www.focolare.org\/wp-content\/uploads\/2011\/07\/20110720-c1.jpg\" alt=\"\" width=\"210\" height=\"128\" \/><strong>Jean Bosco, ugandense, contou<\/strong>: \u00ab<em>M. mora na minha cidade. Ele tem o v\u00edrus HIV e outras doen\u00e7as correlatas. \u00c9 idoso e indigente. Convoquei uma reuni\u00e3o do comit\u00ea executivo da par\u00f3quia para ver como ajud\u00e1-lo, e minha esposa e eu assumimos cuidar dele: o sustentamos com alimenta\u00e7\u00e3o, rem\u00e9dios, lavamos suas roupas&#8230; outros amigos tamb\u00e9m ajudaram a assisti-lo. Hoje M. faz parte da nossa comunidade. Estes gestos n\u00e3o passaram despercebidos e o nosso testemunho foi um est\u00edmulo para que muitos melhorassem na aten\u00e7\u00e3o para com quem tem mais necessidades<\/em>\u00bb.  <strong>Franco e Pierangelo conclu\u00edram<\/strong>: <em>\u00abPartimos com a consci\u00eancia de que os povos desse continente tem muito a doar ao mundo inteiro, e portanto nos colocamos na escuta, para entender n\u00e3o tanto as exig\u00eancias mais urgentes, mas principalmente os talentos de uma cultura t\u00e3o diferente e t\u00e3o rica. Como sempre, mais do que dar n\u00f3s recebemos muit\u00edssimo\u00bb<\/em>.<\/p>\n","protected":false},"excerpt":{"rendered":"<p>No final de junho realizou-se um curso de forma\u00e7\u00e3o para os \u201cvolunt\u00e1rios e as volunt\u00e1rias de Deus\u201d, em Singida, Tanz\u00e2nia. Uma escola caracterizada pela partilha.<\/p>\n","protected":false},"author":34,"featured_media":0,"comment_status":"open","ping_status":"open","sticky":false,"template":"","format":"standard","meta":{"give_campaign_id":0,"_seopress_robots_primary_cat":"","_seopress_titles_title":"","_seopress_titles_desc":"","_seopress_robots_index":"","_et_pb_use_builder":"","_et_pb_old_content":"","_et_gb_content_width":"","footnotes":""},"categories":[909],"tags":[],"class_list":["post-301094","post","type-post","status-publish","format-standard","hentry","category-focolare-worldwide-2-4"],"_links":{"self":[{"href":"https:\/\/www.focolare.org\/pt-pt\/wp-json\/wp\/v2\/posts\/301094","targetHints":{"allow":["GET"]}}],"collection":[{"href":"https:\/\/www.focolare.org\/pt-pt\/wp-json\/wp\/v2\/posts"}],"about":[{"href":"https:\/\/www.focolare.org\/pt-pt\/wp-json\/wp\/v2\/types\/post"}],"author":[{"embeddable":true,"href":"https:\/\/www.focolare.org\/pt-pt\/wp-json\/wp\/v2\/users\/34"}],"replies":[{"embeddable":true,"href":"https:\/\/www.focolare.org\/pt-pt\/wp-json\/wp\/v2\/comments?post=301094"}],"version-history":[{"count":0,"href":"https:\/\/www.focolare.org\/pt-pt\/wp-json\/wp\/v2\/posts\/301094\/revisions"}],"wp:attachment":[{"href":"https:\/\/www.focolare.org\/pt-pt\/wp-json\/wp\/v2\/media?parent=301094"}],"wp:term":[{"taxonomy":"category","embeddable":true,"href":"https:\/\/www.focolare.org\/pt-pt\/wp-json\/wp\/v2\/categories?post=301094"},{"taxonomy":"post_tag","embeddable":true,"href":"https:\/\/www.focolare.org\/pt-pt\/wp-json\/wp\/v2\/tags?post=301094"}],"curies":[{"name":"wp","href":"https:\/\/api.w.org\/{rel}","templated":true}]}}