{"id":301118,"date":"2011-07-31T20:01:19","date_gmt":"2011-07-31T18:01:19","guid":{"rendered":"https:\/\/www.focolare.org\/agosto-2011\/"},"modified":"2024-05-13T21:14:10","modified_gmt":"2024-05-13T19:14:10","slug":"agosto-2011","status":"publish","type":"post","link":"https:\/\/www.focolare.org\/pt-pt\/agosto-2011\/","title":{"rendered":"agosto 2011"},"content":{"rendered":"<p><strong><\/strong> <\/p>\n<h3><span style=\"color: #008080\">&#8220;Eis-me aqui para fazer a tua vontade&#8221;.<\/span><\/h3>\n<p> Esta Palavra nos oferece a chave de leitura da vida de Jesus, ajudando-nos a colher o seu aspecto mais profundo e o fio de ouro que liga todas as etapas de sua exist\u00eancia terrena: a sua inf\u00e2ncia, a sua vida particular, as tenta\u00e7\u00f5es, as suas escolhas, a sua atividade p\u00fablica, at\u00e9 a morte na cruz. Em cada momento, em cada situa\u00e7\u00e3o Jesus visou uma \u00fanica coisa: fazer a vontade do Pai; e a cumpriu de modo radical, n\u00e3o movendo um dedo fora dela e repelindo at\u00e9 as propostas mais sugestivas que n\u00e3o estivessem em pleno acordo com aquela vontade. <\/p>\n<h3><span style=\"color: #008080\"><strong>&#8220;Eis-me aqui para fazer a tua vontade&#8221;.<\/strong><\/span><\/h3>\n<p> Esta Palavra nos faz compreender a grande li\u00e7\u00e3o que Jesus com toda a sua vida nos quer dar. Isto \u00e9, que a coisa mais importante \u00e9 fazer n\u00e3o a nossa, mas a vontade do Pai; tornarmo-nos capazes de dizer n\u00e3o a n\u00f3s mesmos para dizer sim a Deus.  O verdadeiro amor a Deus n\u00e3o consiste em belas palavras, ideias e sentimentos, mas na obedi\u00eancia efetiva aos seus mandamentos. O sacrif\u00edcio de louvor que ele espera de n\u00f3s \u00e9 que lhe ofertemos tudo o que temos de mais \u00edntimo, o que \u00e9 radicalmente nosso: a nossa vontade. <\/p>\n<h3><span style=\"color: #008080\"><strong>&#8220;Eis-me aqui para fazer a tua vontade&#8221;.<\/strong><\/span><\/h3>\n<p> Como viveremos ent\u00e3o a Palavra de vida deste m\u00eas? Tamb\u00e9m esta \u00e9 uma das palavras que ressalta explicitamente o aspecto do Evangelho que vai contra a corrente, porque combate uma tend\u00eancia profundamente enraizada em n\u00f3s: satisfazer a nossa vontade, seguir os nossos instintos, os nossos sentimentos.  Esta Palavra \u00e9 tamb\u00e9m uma das que mais se choca com o homem moderno. Vivemos na \u00e9poca da exalta\u00e7\u00e3o do eu, da autonomia da pessoa, da liberdade como fim a si mesma, da auto-satisfa\u00e7\u00e3o como realiza\u00e7\u00e3o do indiv\u00edduo, do prazer considerado como o crit\u00e9rio das pr\u00f3prias op\u00e7\u00f5es e o segredo da felicidade. Mas conhecemos tamb\u00e9m a que consequ\u00eancias desastrosas esta cultura nos conduz.  Pois bem, esta cultura fundada na satisfa\u00e7\u00e3o da pr\u00f3pria vontade encontra a oposi\u00e7\u00e3o daquela de Jesus totalmente orientada ao cumprimento da vontade de Deus, com os efeitos maravilhosos que ele nos garante.  Procuremos ent\u00e3o viver a Palavra deste m\u00eas, escolhendo tamb\u00e9m n\u00f3s a vontade do Pai e fazendo dela, como Jesus fez, a norma e a motiva\u00e7\u00e3o de toda a nossa vida.  Assim vamos nos aventurar numa divina aventura que nos encher\u00e1 de gratid\u00e3o a Deus. Gra\u00e7as a ela nos faremos santos e irradiaremos o amor de Deus em muitos cora\u00e7\u00f5es.  <em>Chiara Lubich<\/em>  <em>Esta Palavra de Vida foi publicada originalmente em dezembro de 1991. <\/em><\/p>\n","protected":false},"excerpt":{"rendered":"<p>&#8220;Eis-me aqui para fazer a tua vontade&#8221;(Hb 10, 9).<\/p>\n","protected":false},"author":34,"featured_media":0,"comment_status":"open","ping_status":"open","sticky":false,"template":"","format":"standard","meta":{"give_campaign_id":0,"_seopress_robots_primary_cat":"","_seopress_titles_title":"","_seopress_titles_desc":"","_seopress_robots_index":"","_et_pb_use_builder":"","_et_pb_old_content":"","_et_gb_content_width":"","footnotes":""},"categories":[3598,129],"tags":[],"class_list":["post-301118","post","type-post","status-publish","format-standard","hentry","category-palavra-de-vida","category-sem-categoria"],"_links":{"self":[{"href":"https:\/\/www.focolare.org\/pt-pt\/wp-json\/wp\/v2\/posts\/301118","targetHints":{"allow":["GET"]}}],"collection":[{"href":"https:\/\/www.focolare.org\/pt-pt\/wp-json\/wp\/v2\/posts"}],"about":[{"href":"https:\/\/www.focolare.org\/pt-pt\/wp-json\/wp\/v2\/types\/post"}],"author":[{"embeddable":true,"href":"https:\/\/www.focolare.org\/pt-pt\/wp-json\/wp\/v2\/users\/34"}],"replies":[{"embeddable":true,"href":"https:\/\/www.focolare.org\/pt-pt\/wp-json\/wp\/v2\/comments?post=301118"}],"version-history":[{"count":0,"href":"https:\/\/www.focolare.org\/pt-pt\/wp-json\/wp\/v2\/posts\/301118\/revisions"}],"wp:attachment":[{"href":"https:\/\/www.focolare.org\/pt-pt\/wp-json\/wp\/v2\/media?parent=301118"}],"wp:term":[{"taxonomy":"category","embeddable":true,"href":"https:\/\/www.focolare.org\/pt-pt\/wp-json\/wp\/v2\/categories?post=301118"},{"taxonomy":"post_tag","embeddable":true,"href":"https:\/\/www.focolare.org\/pt-pt\/wp-json\/wp\/v2\/tags?post=301118"}],"curies":[{"name":"wp","href":"https:\/\/api.w.org\/{rel}","templated":true}]}}