{"id":301154,"date":"2011-08-16T13:33:50","date_gmt":"2011-08-16T11:33:50","guid":{"rendered":"https:\/\/www.focolare.org\/jmj-festa-em-barcelona-com-o-gen-rosso\/"},"modified":"2024-05-13T21:14:26","modified_gmt":"2024-05-13T19:14:26","slug":"jmj-festa-em-barcelona-com-o-gen-rosso","status":"publish","type":"post","link":"https:\/\/www.focolare.org\/pt-pt\/jmj-festa-em-barcelona-com-o-gen-rosso\/","title":{"rendered":"JMJ: festa em Barcelona com o Gen Rosso"},"content":{"rendered":"<p><a href=\"https:\/\/www.focolare.org\/wp-content\/uploads\/2011\/08\/20110816-07-e1313585918667.jpg\"><img alt=\"\" alt=\"\" loading=\"lazy\" decoding=\"async\" class=\"alignleft size-home_top wp-image-43540\" style=\"border: 0pt none;margin-right: 10px\" src=\"https:\/\/www.focolare.org\/wp-content\/uploads\/2011\/08\/20110816-07-e1313585918667-421x200.jpg\" alt=\"\" width=\"421\" height=\"200\" \/><\/a>No contexto da <a href=\"http:\/\/www.madrid11.com\/pt\" target=\"_blank\" rel=\"noopener\"><strong>Jornada Mundial da Juventude<\/strong><\/a>, a banda internacional <a href=\"http:\/\/www.genrosso.com\/index.php?lang=pt\" target=\"_blank\" rel=\"noopener\"><strong>Gen Rosso<\/strong><\/a> apresentou-se no dia 13 de agosto, para um p\u00fablico de mais de 30 mil jovens. Eles vieram \u00e0 Espanha, do mundo inteiro, para a prepara\u00e7\u00e3o, junto aos jovens catal\u00e3es e de toda a Espanha, da XXVI edi\u00e7\u00e3o do grande evento, que j\u00e1 iniciou.  <em>\u00abA maioria dos jovens que passaram esses dias de conviv\u00eancia, em Barcelona<\/em> \u2013 escreveram os membros do Gen Rosso \u2013 <em>provinha da Fran\u00e7a, It\u00e1lia, Alemanha, Rep\u00fablica Tcheca, Pol\u00f4nia, B\u00e9lgica&#8230; mas tamb\u00e9m da Austr\u00e1lia, Indon\u00e9sia, Brasil, Canad\u00e1, Uganda, S\u00edria&#8230;\u00bb<\/em>.  O cardeal de Barcelona, D. Luis Martinez Sistach, acabara de lan\u00e7ar um desafio aos jovens: \u00abEstar presentes em toda parte, amando todas as pessoas, sem nenhuma distin\u00e7\u00e3o, mas com um amor preferencial pelos pobres\u00bb, encorajando-os a imitar Jesus, sob o exemplo de Maria.  <em>\u00ab \u201cAmar as pessoas sem nenhuma distin\u00e7\u00e3o\u201d<\/em> \u2013 continuam os dos Gen Rosso \u2013 <em>pareceu-nos um \u00f3timo ingresso para o nosso show da tarde\u00bb.<\/em>  <strong>N\u00e3o \u00e9 a primeira vez que a banda se apresenta nas Jornadas Mundiais da Juventude, e perguntamos a eles o que esperam desta, feita em Madri<\/strong>: <em>\u00abOs jovens hoje reagem a um sistema que n\u00e3o pensa neles; a JMJ \u00e9 mais uma express\u00e3o de rebeli\u00e3o, mas n\u00e3o contra alguma coisa ou algu\u00e9m, e sim a favor dos valores evang\u00e9licos que Jesus nos deixou\u00bb<\/em>.  <img alt=\"\" alt=\"\" loading=\"lazy\" decoding=\"async\" class=\"size-full wp-image-43478 alignright\" style=\"margin-left: 10px;border: 0pt none\" src=\"https:\/\/www.focolare.org\/wp-content\/uploads\/2011\/08\/20110816-05.jpg\" alt=\"\" width=\"384\" height=\"257\" \/>Tendo voltado de turn\u00eas em Cuba, Jamaica, China, Marrocos&#8230; perguntamos a impress\u00e3o dessas viagens: <em>\u00abHaveria muito o que dizer&#8230; mas vamos fazer s\u00f3 uma SMS! Um denominador comum, que encontramos aqui tamb\u00e9m, \u00e9 constatar que um mundo unido \u00e9 poss\u00edvel, que n\u00e3o \u00e9 uma utopia. Embora em pa\u00edses t\u00e3o diferentes, encontramos jovens super dispon\u00edveis a partilhar os nossos valores e a somar-se ao ideal da fraternidade universal\u00bb<\/em>.  <strong>O show que voc\u00eas apresentaram \u00e9 novo, \u201cDimens\u00e3o indel\u00e9vel\u201d. Do que se trata, o que voc\u00eas pretendem transmitir ao p\u00fablico?<\/strong>  <em>\u00abComo sempre, o Gen Rosso procura doar a sua identidade por meio dos shows. \u201cDimens\u00e3o indel\u00e9vel\u201d tem algo a mais: quer transmitir as milhares de marcas que o contato direto com muit\u00edssimos jovens, no mundo inteiro, deixou dentro de n\u00f3s. Muitos deles passaram a fazer parte da nossa vida e n\u00f3s das deles. Esta \u201cdimens\u00e3o\u201d chega ao cora\u00e7\u00e3o dos que nos assistem\u00bb<\/em>.  Um jornal catal\u00e3o, um dia ap\u00f3s o show do dia 13, salientou a internacionalidade do grupo, vivida na fraternidade, como o elemento mais necess\u00e1rio para a constru\u00e7\u00e3o de uma sociedade coesa.  <em>\u00abTemos o cora\u00e7\u00e3o cheio de gratid\u00e3o a Deus<\/em> \u2013 conclu\u00edram \u2013 <em>por nos ter dado este primeiro momento, t\u00e3o lindo, com os jovens em Barcelona. Encontramos uma Igreja jovem e viva! Agora Madri nos espera!\u00bb.<\/em><\/p>\n","protected":false},"excerpt":{"rendered":"<p>Mais de 30 mil jovens, provenientes do mundo inteiro, encheram a enorme esplanada do F\u00f3rum de Barcelona, diante do mar, na tarde do dia 13 de agosto de 2011.<\/p>\n","protected":false},"author":34,"featured_media":0,"comment_status":"open","ping_status":"open","sticky":false,"template":"","format":"standard","meta":{"give_campaign_id":0,"_seopress_robots_primary_cat":"","_seopress_titles_title":"","_seopress_titles_desc":"","_seopress_robots_index":"","_et_pb_use_builder":"","_et_pb_old_content":"","_et_gb_content_width":"","footnotes":""},"categories":[909],"tags":[],"class_list":["post-301154","post","type-post","status-publish","format-standard","hentry","category-focolare-worldwide-2-4"],"_links":{"self":[{"href":"https:\/\/www.focolare.org\/pt-pt\/wp-json\/wp\/v2\/posts\/301154","targetHints":{"allow":["GET"]}}],"collection":[{"href":"https:\/\/www.focolare.org\/pt-pt\/wp-json\/wp\/v2\/posts"}],"about":[{"href":"https:\/\/www.focolare.org\/pt-pt\/wp-json\/wp\/v2\/types\/post"}],"author":[{"embeddable":true,"href":"https:\/\/www.focolare.org\/pt-pt\/wp-json\/wp\/v2\/users\/34"}],"replies":[{"embeddable":true,"href":"https:\/\/www.focolare.org\/pt-pt\/wp-json\/wp\/v2\/comments?post=301154"}],"version-history":[{"count":0,"href":"https:\/\/www.focolare.org\/pt-pt\/wp-json\/wp\/v2\/posts\/301154\/revisions"}],"wp:attachment":[{"href":"https:\/\/www.focolare.org\/pt-pt\/wp-json\/wp\/v2\/media?parent=301154"}],"wp:term":[{"taxonomy":"category","embeddable":true,"href":"https:\/\/www.focolare.org\/pt-pt\/wp-json\/wp\/v2\/categories?post=301154"},{"taxonomy":"post_tag","embeddable":true,"href":"https:\/\/www.focolare.org\/pt-pt\/wp-json\/wp\/v2\/tags?post=301154"}],"curies":[{"name":"wp","href":"https:\/\/api.w.org\/{rel}","templated":true}]}}