{"id":301274,"date":"2011-09-22T14:51:11","date_gmt":"2011-09-22T12:51:11","guid":{"rendered":"https:\/\/www.focolare.org\/da-costa-rica-para-el-salvador\/"},"modified":"2024-05-13T21:14:53","modified_gmt":"2024-05-13T19:14:53","slug":"da-costa-rica-para-el-salvador","status":"publish","type":"post","link":"https:\/\/www.focolare.org\/pt-pt\/da-costa-rica-para-el-salvador\/","title":{"rendered":"Da Costa Rica para El Salvador"},"content":{"rendered":"<p><div id=\"attachment_45605\" style=\"width: 148px\" class=\"wp-caption alignright\"><a href=\"https:\/\/www.focolare.org\/wp-content\/uploads\/2011\/09\/20110922-02.jpg\"><img alt=\"\" alt=\"\" loading=\"lazy\" decoding=\"async\" aria-describedby=\"caption-attachment-45605\" class=\"size-full wp-image-45605 \" style=\"margin-left: 10px;border: 0pt\" src=\"https:\/\/www.focolare.org\/wp-content\/uploads\/2011\/09\/20110922-02.jpg\" alt=\"\" width=\"138\" height=\"141\" \/><\/a><p id=\"caption-attachment-45605\" class=\"wp-caption-text\">Gustavo Alvarado<\/p><\/div>  \ufeff<em>\u00abVoc\u00ea vem de um pa\u00eds, Costa Rica, conhecido mundialmente por ser um pa\u00eds de paz, um pa\u00eds sem ex\u00e9rcito&#8230; Anos atr\u00e1s seu presidente Oscar Arias S\u00e1nchez recebeu o Pr\u00eamio Nobel da Paz. Qual \u00e9 a diferen\u00e7a entre o que voc\u00ea viveu na sua p\u00e1tria e o que voc\u00ea vive agora numa comunidade do focolare lado a lado a um povo que sofreu uma longa e dolorosa guerra que deixou muitas feridas? Como voc\u00ea consegue compreender e ajudar esse povo?\u00bb<\/em>  &nbsp;  <strong>\u00abAntes de chegar ao focolare de San Salvador<\/strong> \u2013 de onde temos contato com v\u00e1rios pa\u00edses da Am\u00e9rica Central \u2013 eu conhecia, somente por meio de not\u00edcias, o sofrimento dessas pessoas. Coisas que eu n\u00e3o conseguia compreender profundamente pelo fato de ter nascido em um lugar onde o ex\u00e9rcito foi abolido desde 1\u00ba de dezembro de 1948 e onde nunca tinha acontecido nenhuma guerra civil. Isso permitiu \u00e0 Costa Rica ter um desenvolvimento econ\u00f4mico e social, o que a levou a ter uma hist\u00f3ria diferente dos pa\u00edses irm\u00e3os.  <strong>De qualquer modo, senti-me \u201cem casa\u201d<\/strong> desde quando me mudei para c\u00e1, talvez pelo fato de eu ter vivido muitos anos em um pa\u00eds da Am\u00e9rica do Sul \u2013 Venezuela \u2013 maior do que o meu, e que em um certo sentido, ampliou meus horizontes. Aqui eu encontrei <strong>os mesmos males que existem em outros lugares<\/strong>: pobreza, corrup\u00e7\u00e3o, desequil\u00edbrios sociais, falta de seguran\u00e7a, injusti\u00e7a, mas talvez com tudo isso \u2013 e n\u00e3o apesar disso \u2013 as pessoas lutam diariamente para ganhar o p\u00e3o de cada dia e apesar de terem vivido coisas atrozes, \u201caprenderam a sofrer\u201d, indo al\u00e9m das dificuldades. Aqui aconteceram n\u00e3o apenas <strong>guerras cruentas, mas tamb\u00e9m terremotos, inunda\u00e7\u00f5es e outras trag\u00e9dias<\/strong>. A solidariedade \u00e9 um valor presente entre as pessoas. A mulher, tendo de enfrentar diversos tipos de opress\u00e3o, \u00e9 forte, decidida, \u201cbatalhadora\u201d.  Neste contexto, <strong>o ideal de vida apresentado pelo Movimento dos Focolares<\/strong> responde, em grande parte, as expectativas mais profundas das pessoas, onde existem descendentes de europeus, africanos, mesti\u00e7os, \u00edndios&#8230; O encontro com a figura de <strong><span style=\"text-decoration: underline\">Jesus abandonado<\/span><\/strong>, reconhecido em cada situa\u00e7\u00e3o dolorosa, faz com que qualquer medo desapare\u00e7a. Nestes anos eu tenho redescoberto a sabedoria do \u201c<strong><span style=\"text-decoration: underline\">fazer-se um<\/span><\/strong>\u201d com o outro: para amar um povo basta ser capaz de viver com o pr\u00f3ximo com quem voc\u00ea se encontra em cada momento. E, assim, todo dia, sinto-me enriquecido com essa nova experi\u00eancia de unidade vivida.\u00bb  <em>Aos cuidados de SSA<\/em><\/p>\n","protected":false},"excerpt":{"rendered":"<p>Entrevista com Gustavo Alvarado, do Pa\u00eds da paz para uma terra que conhece o sofrimento da guerra civil: a riqueza de novas experi\u00eancias.<\/p>\n","protected":false},"author":34,"featured_media":0,"comment_status":"open","ping_status":"open","sticky":false,"template":"","format":"standard","meta":{"give_campaign_id":0,"_seopress_robots_primary_cat":"","_seopress_titles_title":"","_seopress_titles_desc":"","_seopress_robots_index":"","_et_pb_use_builder":"","_et_pb_old_content":"","_et_gb_content_width":"","footnotes":""},"categories":[129],"tags":[],"class_list":["post-301274","post","type-post","status-publish","format-standard","hentry","category-sem-categoria"],"_links":{"self":[{"href":"https:\/\/www.focolare.org\/pt-pt\/wp-json\/wp\/v2\/posts\/301274","targetHints":{"allow":["GET"]}}],"collection":[{"href":"https:\/\/www.focolare.org\/pt-pt\/wp-json\/wp\/v2\/posts"}],"about":[{"href":"https:\/\/www.focolare.org\/pt-pt\/wp-json\/wp\/v2\/types\/post"}],"author":[{"embeddable":true,"href":"https:\/\/www.focolare.org\/pt-pt\/wp-json\/wp\/v2\/users\/34"}],"replies":[{"embeddable":true,"href":"https:\/\/www.focolare.org\/pt-pt\/wp-json\/wp\/v2\/comments?post=301274"}],"version-history":[{"count":0,"href":"https:\/\/www.focolare.org\/pt-pt\/wp-json\/wp\/v2\/posts\/301274\/revisions"}],"wp:attachment":[{"href":"https:\/\/www.focolare.org\/pt-pt\/wp-json\/wp\/v2\/media?parent=301274"}],"wp:term":[{"taxonomy":"category","embeddable":true,"href":"https:\/\/www.focolare.org\/pt-pt\/wp-json\/wp\/v2\/categories?post=301274"},{"taxonomy":"post_tag","embeddable":true,"href":"https:\/\/www.focolare.org\/pt-pt\/wp-json\/wp\/v2\/tags?post=301274"}],"curies":[{"name":"wp","href":"https:\/\/api.w.org\/{rel}","templated":true}]}}