{"id":301282,"date":"2011-09-26T14:28:00","date_gmt":"2011-09-26T12:28:00","guid":{"rendered":"https:\/\/www.focolare.org\/europa-em-crise-caminhemos-juntos\/"},"modified":"2024-05-13T21:14:54","modified_gmt":"2024-05-13T19:14:54","slug":"europa-em-crise-caminhemos-juntos","status":"publish","type":"post","link":"https:\/\/www.focolare.org\/pt-pt\/europa-em-crise-caminhemos-juntos\/","title":{"rendered":"Europa em crise? Caminhemos juntos"},"content":{"rendered":"<p>\u201c<em>A voca\u00e7\u00e3o de Juntos pela Europa n\u00e3o \u00e9 uma voca\u00e7\u00e3o fora de moda, mas torna-se sempre mais necess\u00e1ria, porque o mundo est\u00e1 indo para uma profunda crise, n\u00e3o s\u00f3 econ\u00f4mica e estrutural, mas uma crise de rela\u00e7\u00f5es<\/em>\u201d \u2013 afirmou Marco Impagliazzo no di\u00e1logo que na manh\u00e3 do dia 24 de setembro viu como protagonistas alguns representantes do grupo promotor de <strong><span style=\"text-decoration: underline\">Juntos pela Europa<\/span><\/strong>, com os delegados dos Focolares dos pa\u00edses europeus, que se re\u00fanem neste per\u00edodo no Centro de Internacional de Rocca di Papa para o encontro mundial anual. \u201c<em>O impulso para a unidade refloresceu mais uma vez dentro de n\u00f3s<\/em>\u201d \u2013 tamb\u00e9m disse Gerhard Pross, recordando um momento decisivo no ano 2000, quando os testemunhos de Chiara Lubich e do bispo luterano Wilekens demonstraram uma conson\u00e2ncia profunda apesar da diversidade de express\u00f5es e proveni\u00eancia: \u201c<em>A verdade mais forte: a perten\u00e7a comum em Cristo. O Esp\u00edrito Santo alargou os horizontes&#8230; Juntos n\u00f3s compreendemos a import\u00e2ncia da atitude de abertura para com o outro. Assim come\u00e7aram a cair os preconceitos<\/em>\u201d.  Em seguida, na mesa-redonda, alternarem-se o representante do <span style=\"text-decoration: underline\">YMCA<\/span> (movimento evang\u00e9lico) de Esslingen, ) de Esslingen, entre as primeiras testemunhas do in\u00edcio da aventura europeia dos movimentos crist\u00e3os; o atual Presidente da <span style=\"text-decoration: underline\">Comunidade de Santo Eg\u00eddio<\/span>, que acabara de voltar do encontro internacional de ora\u00e7\u00e3o pela paz (em Munique, de 11 a 13 de setembro) e Eli Folonari, que esteve pr\u00f3xima a Chiara Lubich em todos estes anos. Foi Eli que abriu o interc\u00e2mbio, enquadrando as ra\u00edzes da comunh\u00e3o entre os v\u00e1rios movimentos dentro da Igreja Cat\u00f3lica e com os movimentos carism\u00e1ticos das diversas Igrejas crist\u00e3s. Tamb\u00e9m citou a carta: <span style=\"text-decoration: underline\">\u201cFundamentos da Comunh\u00e3o entre comunidades e movimentos crist\u00e3os\u201d<\/span>, assinada em 2009 pelos \u201cAmigos\u201d de Juntos pela Europa, durante sua reuni\u00e3o na Comunidade de Santo Eg\u00eddio em Roma. Para promover o conhecimento m\u00fatuo, a cada ano alternamos o local e o movimento anfitri\u00e3o: depois de Schoenstatt em 2010 este ano \u00e9 a vez do Movimento do Focolares. O encontro realizar-se-\u00e1 de 10 a 12 de novembro para trabalhar no programa de 12 de Maio.  <strong>A simultaneidade da visita de Bento XVI na Alemanha<\/strong> foi o pano de fundo da mesa-redonda, que enfatizou o valor do di\u00e1logo ecum\u00eanico e da \u201cnecessidade\u201d da Europa. \u2018Viver juntos\u2019 torna-se ent\u00e3o uma palavra-chave, para aprender e propor, para sonhar e realizar. Uma vis\u00e3o em que envolve a todos n\u00f3s, come\u00e7ando pelos jovens: \u201cJustamente porque h\u00e1 uma crise, devemos trabalhar ainda mais\u201d \u2013 disse ainda Impagliazzo.  \u201c<strong><em>A experi\u00eancia com todos os movimentos mudou-me por dentro<\/em><\/strong>\u201d \u2013 confidencia a todos Gerhard Pross, salientando que a \u201cpaix\u00e3o\u201d pela unidade que tamb\u00e9m os evang\u00e9licos sentiram renascer gra\u00e7as ao trabalho conjunto com os crist\u00e3os de diferentes Igrejas. Recordamos com emo\u00e7\u00e3o, <strong>Chiara Lubich<\/strong> e <strong>Helmut Nicklas<\/strong>, dois grandes carism\u00e1ticos que acreditaram e entusiasmaram multid\u00f5es no sonho pela Europa, e que deixaram esta terra a poucos meses de dist\u00e2ncia um do outro, mas cada um com uma heran\u00e7a que continua a inspirar o trabalho de muitos.  <strong>V\u00e1rias ideias tornaram interessantes as interven\u00e7\u00f5es<\/strong>: B\u00e9lgica \u2013 s\u00e3o os anfitri\u00f5es do evento central de 12 de Maio \u2013, Alemanha, Eslov\u00eania, Noruega, Fran\u00e7a, Portugal, Holanda, em uma sucess\u00e3o de contribui\u00e7\u00f5es que revelaram a vitalidade de um caminho que tem seu forte no fato de estarem presentes em todo territ\u00f3rio europeu. N\u00e3o \u00e9 por acaso que simultaneamente ao evento de Bruxelas, est\u00e3o previstos v\u00e1rios eventos paralelos em <strong>200 cidades europeias<\/strong> \u2013 uma Europa n\u00e3o dos 27, mas de todos \u2013 para dizer que existe uma base popular, pessoas que se preocupam com o futuro do continente, n\u00e3o fechado e voltado para si mesmo, mas a servi\u00e7o do mundo.<\/p>\n","protected":false},"excerpt":{"rendered":"<p>Eli Folonari (Focolare), Gerhard Pross (YMCA), Marco Impagliazzo (Santo Eg\u00eddio), juntos em um painel de discuss\u00e3o com os delegados europeus do Movimento dos Focolares. Tema central: o percurso de Juntos pela Europa, rumo \u00e0 etapa de 12 de maio de 2012 no Parlamento Europeu em Bruxelas.<\/p>\n","protected":false},"author":34,"featured_media":0,"comment_status":"open","ping_status":"open","sticky":false,"template":"","format":"standard","meta":{"give_campaign_id":0,"_seopress_robots_primary_cat":"","_seopress_titles_title":"","_seopress_titles_desc":"","_seopress_robots_index":"","_et_pb_use_builder":"","_et_pb_old_content":"","_et_gb_content_width":"","footnotes":""},"categories":[909],"tags":[],"class_list":["post-301282","post","type-post","status-publish","format-standard","hentry","category-focolare-worldwide-2-4"],"_links":{"self":[{"href":"https:\/\/www.focolare.org\/pt-pt\/wp-json\/wp\/v2\/posts\/301282","targetHints":{"allow":["GET"]}}],"collection":[{"href":"https:\/\/www.focolare.org\/pt-pt\/wp-json\/wp\/v2\/posts"}],"about":[{"href":"https:\/\/www.focolare.org\/pt-pt\/wp-json\/wp\/v2\/types\/post"}],"author":[{"embeddable":true,"href":"https:\/\/www.focolare.org\/pt-pt\/wp-json\/wp\/v2\/users\/34"}],"replies":[{"embeddable":true,"href":"https:\/\/www.focolare.org\/pt-pt\/wp-json\/wp\/v2\/comments?post=301282"}],"version-history":[{"count":0,"href":"https:\/\/www.focolare.org\/pt-pt\/wp-json\/wp\/v2\/posts\/301282\/revisions"}],"wp:attachment":[{"href":"https:\/\/www.focolare.org\/pt-pt\/wp-json\/wp\/v2\/media?parent=301282"}],"wp:term":[{"taxonomy":"category","embeddable":true,"href":"https:\/\/www.focolare.org\/pt-pt\/wp-json\/wp\/v2\/categories?post=301282"},{"taxonomy":"post_tag","embeddable":true,"href":"https:\/\/www.focolare.org\/pt-pt\/wp-json\/wp\/v2\/tags?post=301282"}],"curies":[{"name":"wp","href":"https:\/\/api.w.org\/{rel}","templated":true}]}}