{"id":301298,"date":"2011-10-06T14:55:27","date_gmt":"2011-10-06T12:55:27","guid":{"rendered":"https:\/\/www.focolare.org\/itsullesempio-di-francescoenin-the-footsteps-of-st-francisdenach-dem-beispiel-eines-franz-von-assisifra-lexemple-de-saint-francois-zh%e4%bb%a5%e8%81%96%e6%96%b9%e6%bf%9f\/"},"modified":"2024-05-13T21:15:07","modified_gmt":"2024-05-13T19:15:07","slug":"itsullesempio-di-francescoenin-the-footsteps-of-st-francisdenach-dem-beispiel-eines-franz-von-assisifra-lexemple-de-saint-francois-zh%e4%bb%a5%e8%81%96%e6%96%b9%e6%bf%9f","status":"publish","type":"post","link":"https:\/\/www.focolare.org\/pt-pt\/itsullesempio-di-francescoenin-the-footsteps-of-st-francisdenach-dem-beispiel-eines-franz-von-assisifra-lexemple-de-saint-francois-zh%e4%bb%a5%e8%81%96%e6%96%b9%e6%bf%9f\/","title":{"rendered":"[:it]Sull&#8217;esempio di Francesco[:en]In the footsteps of St Francis[:de]Nach dem Beispiel eines Franz von Assisi[:fr]\u00c0 l\u2019exemple de Saint-Fran\u00e7ois [:zh]\u4ee5\u8056\u65b9\u6fdf\u5404\u70ba\u699c\u6a23"},"content":{"rendered":"<\/p>\n","protected":false},"excerpt":{"rendered":"<p>Assise, le 27 octobre. C\u00e9r\u00e9monie du 25\u00e8me anniversaire de la premi\u00e8re \u201crencontre interreligieuse de pri\u00e8re pour la paix\u201d. Nous reprenons, \u00e0 cette occasion, quelques passages extraits d\u2019un article d\u2019Igino Giordani publi\u00e9 en 1967.<\/p>\n","protected":false},"author":34,"featured_media":0,"comment_status":"open","ping_status":"open","sticky":false,"template":"","format":"standard","meta":{"give_campaign_id":0,"_seopress_robots_primary_cat":"","_seopress_titles_title":"","_seopress_titles_desc":"","_seopress_robots_index":"","_et_pb_use_builder":"","_et_pb_old_content":"","_et_gb_content_width":"","footnotes":""},"categories":[129],"tags":[],"class_list":["post-301298","post","type-post","status-publish","format-standard","hentry","category-sem-categoria"],"_links":{"self":[{"href":"https:\/\/www.focolare.org\/pt-pt\/wp-json\/wp\/v2\/posts\/301298","targetHints":{"allow":["GET"]}}],"collection":[{"href":"https:\/\/www.focolare.org\/pt-pt\/wp-json\/wp\/v2\/posts"}],"about":[{"href":"https:\/\/www.focolare.org\/pt-pt\/wp-json\/wp\/v2\/types\/post"}],"author":[{"embeddable":true,"href":"https:\/\/www.focolare.org\/pt-pt\/wp-json\/wp\/v2\/users\/34"}],"replies":[{"embeddable":true,"href":"https:\/\/www.focolare.org\/pt-pt\/wp-json\/wp\/v2\/comments?post=301298"}],"version-history":[{"count":0,"href":"https:\/\/www.focolare.org\/pt-pt\/wp-json\/wp\/v2\/posts\/301298\/revisions"}],"wp:attachment":[{"href":"https:\/\/www.focolare.org\/pt-pt\/wp-json\/wp\/v2\/media?parent=301298"}],"wp:term":[{"taxonomy":"category","embeddable":true,"href":"https:\/\/www.focolare.org\/pt-pt\/wp-json\/wp\/v2\/categories?post=301298"},{"taxonomy":"post_tag","embeddable":true,"href":"https:\/\/www.focolare.org\/pt-pt\/wp-json\/wp\/v2\/tags?post=301298"}],"curies":[{"name":"wp","href":"https:\/\/api.w.org\/{rel}","templated":true}]}}