{"id":301326,"date":"2011-10-20T06:12:24","date_gmt":"2011-10-20T04:12:24","guid":{"rendered":"https:\/\/www.focolare.org\/editoria-viver-a-espiritualidade-da-unidade-nos-estados-unidos\/"},"modified":"2024-05-13T21:15:10","modified_gmt":"2024-05-13T19:15:10","slug":"editoria-viver-a-espiritualidade-da-unidade-nos-estados-unidos","status":"publish","type":"post","link":"https:\/\/www.focolare.org\/pt-pt\/editoria-viver-a-espiritualidade-da-unidade-nos-estados-unidos\/","title":{"rendered":"Editoria: viver a espiritualidade da unidade nos Estados Unidos"},"content":{"rendered":"<p><strong>Duas hist\u00f3rias, a do Movimento dos Focolare e a dos Estados Unidos da Am\u00e9rica.<\/strong> Em Trento, num ref\u00fagio antia\u00e9reo, no ano de <strong><a href=\"https:\/\/www.focolare.org\/pt\/chiara-lubich\/chi-e-chiara\/gli-inizi\/\" target=\"_blank\" rel=\"noopener\">1944, Chiara Lubich<\/a> <\/strong>e outras jovens redescobrem, como objetivo de suas vidas, uma passagem do Evangelho: \u201cQue todos sejam um\u201d (Jo 17,21). 150 anos antes os fundadores dos Estados Unidos escrevem numa bandeira \u201c<em>E pluribis unum<\/em>\u201d, de muitos, um. As duas frases indicam uma tens\u00e3o fundamental: considerar as diversidades, aspirando a unidade.  <img alt=\"\" alt=\"\" loading=\"lazy\" decoding=\"async\" class=\"alignleft size-full wp-image-47625\" style=\"margin-right: 10px;border: 0pt none\" src=\"https:\/\/www.focolare.org\/wp-content\/uploads\/2011\/10\/focolarebook.jpg\" alt=\"\" width=\"150\" height=\"237\" \/>A introdu\u00e7\u00e3o do livro<strong> \u201cFocolares: vivendo a espiritualidade da unidade nos Estados Unidos\u201d<\/strong>, <em>Thomas Masters, Amy Uelmen \u2013 New City Press<\/em> (<em>Nova Iorque 20<\/em>11), inicia apresentando-nos seis depoimentos de jovens que colocam a espiritualidade em pr\u00e1tica. Como <strong>Rebecca, do Ohio<\/strong>, que sentiu-se ajudada pela espiritualidade da unidade na decis\u00e3o de prestar servi\u00e7o volunt\u00e1rio na Serra Leoa. Ou <strong>Nick, nascido em Beltimore, no Maryland<\/strong>, que concluiu um mestrado em rela\u00e7\u00f5es internacionais e precisou confrontar as suas escolhas de di\u00e1logo e relacionamento com os outros, num ambiente altamente competitivo como o da especializa\u00e7\u00e3o universit\u00e1ria.  <strong>Elisabeth<\/strong> \u00e9 uma verdadeira campe\u00e3 no seu esporte, a nata\u00e7\u00e3o. Foi gra\u00e7as a um dia de competi\u00e7\u00f5es organizado na <strong>sua cidade, no estado de Indiana<\/strong>, que conheceu o Movimento dos Focolares:<em> \u201cQuando os jovens que conheciam o Movimento vieram \u00e0 minha escola fiquei tocada pelo tipo de relacionamento que havia entre eles. O mix de culturas \u2013 para mim que cresci na zona rural de Indiana \u2013 teve um forte impacto. Senti que o mundo inteiro estava no meu jardim\u201d<\/em>.  <em>\u201cN\u00e3o era f\u00e1cil explicar aos meus amigos quem eram estas pessoas, na maioria de origem europeia, onde \u00edamos e o que faz\u00edamos\u201d<\/em>, Conta <strong>Keith, que mora num bairro negro de Nova Iorque<\/strong>.<em> \u201cMas estar com eles era especial, eu me sentia atra\u00edda. Eram as mesmas coisas que fazia com os meus amigos: esporte, jogos&#8230; mas havia uma atmosfera diferente, procur\u00e1vamos nos querer bem\u201d.<\/em>  A Mari\u00e1polis permanente dos Focolares, nos arredores de Hyde Park, Nova Iorque \u2013 Mari\u00e1polis Luminosa \u2013 organiza programas de forma\u00e7\u00e3o para adolescentes, durante o ver\u00e3o. <strong>Naomi, 16 anos, de Chicago<\/strong>, conta: <em>\u201cAntes de ir para Luminosa eu era uma adolescente t\u00edpica: escola, amigos, shopping, divers\u00f5es. Para mim era dif\u00edcil pensar nos outros.\u00a0 Pois bem, tudo isso mudou. Quando voltei para casa comecei a partilhar o que \u00e9 meu, arrumo a cama todas as manh\u00e3s, procuro preparar ao menos uma refei\u00e7\u00e3o por dia, escuto o meu irm\u00e3ozinho de oito anos, no col\u00e9gio tento ser soci\u00e1vel com todos, n\u00e3o fa\u00e7o mais compras em lojas onde uma camiseta custa 100 d\u00f3lares. Procuro fazer tudo por Deus, faz\u00ea-lo feliz. Minha m\u00e3e continua a se perguntar o que aconteceu comigo\u201d<\/em>.  E enfim<strong> David, de Nova Iorque<\/strong>, que conheceu o Movimento durante a JMJ 2002, em Toronto. Para ele significou n\u00e3o se concentrar apenas nas pr\u00e1ticas \u201cdevocionais\u201d, mas procurar colocar em primeiro lugar o amor a Deus e ao pr\u00f3ximo.<em> \u201cRedescobrindo assim a minha f\u00e9, senti o chamado do Esp\u00edrito Santo a tornar-me sacerdote, e agora estou no semin\u00e1rio\u201d<\/em>.  Os seis depoimentos-reportagens sugerem que a<strong> <a href=\"https:\/\/www.focolare.org\/pt\/chiara-lubich\/spiritualita-dellunita\/\" target=\"_blank\" rel=\"noopener\">espiritualidade dos Focolares<\/a><\/strong> pode ser melhor compreendida por meio do exemplo daqueles que buscam coloc\u00e1-la em pr\u00e1tica. A partir da vida de Chiara Lubich e dos que por primeiro seguiram o seu caminho, prosseguindo com o exemplo de americanos jovens, adultos, fam\u00edlias, esse livro narra uma experi\u00eancia compartilhada por vidas transformadas \u2013 de maneira \u00fanica como \u00fanica \u00e9 cada pessoa, e ao mesmo tempo semelhante \u2013 pela luz do Amor de Deus.<\/p>\n","protected":false},"excerpt":{"rendered":"<p>O que significa viver uma espiritualidade da unidade? Perguntam-se os autores deste volume que apresenta a vida, a hist\u00f3ria, a alma dos Focolares nos Estados Unidos. A melhor resposta, para Masters e Uelmen, consiste na experi\u00eancia de quem a vive. Uma leitura convincente, que nos leva ao cora\u00e7\u00e3o desta na\u00e7\u00e3o.<\/p>\n","protected":false},"author":34,"featured_media":0,"comment_status":"open","ping_status":"open","sticky":false,"template":"","format":"standard","meta":{"give_campaign_id":0,"_seopress_robots_primary_cat":"","_seopress_titles_title":"","_seopress_titles_desc":"","_seopress_robots_index":"","_et_pb_use_builder":"","_et_pb_old_content":"","_et_gb_content_width":"","footnotes":""},"categories":[909],"tags":[],"class_list":["post-301326","post","type-post","status-publish","format-standard","hentry","category-focolare-worldwide-2-4"],"_links":{"self":[{"href":"https:\/\/www.focolare.org\/pt-pt\/wp-json\/wp\/v2\/posts\/301326","targetHints":{"allow":["GET"]}}],"collection":[{"href":"https:\/\/www.focolare.org\/pt-pt\/wp-json\/wp\/v2\/posts"}],"about":[{"href":"https:\/\/www.focolare.org\/pt-pt\/wp-json\/wp\/v2\/types\/post"}],"author":[{"embeddable":true,"href":"https:\/\/www.focolare.org\/pt-pt\/wp-json\/wp\/v2\/users\/34"}],"replies":[{"embeddable":true,"href":"https:\/\/www.focolare.org\/pt-pt\/wp-json\/wp\/v2\/comments?post=301326"}],"version-history":[{"count":0,"href":"https:\/\/www.focolare.org\/pt-pt\/wp-json\/wp\/v2\/posts\/301326\/revisions"}],"wp:attachment":[{"href":"https:\/\/www.focolare.org\/pt-pt\/wp-json\/wp\/v2\/media?parent=301326"}],"wp:term":[{"taxonomy":"category","embeddable":true,"href":"https:\/\/www.focolare.org\/pt-pt\/wp-json\/wp\/v2\/categories?post=301326"},{"taxonomy":"post_tag","embeddable":true,"href":"https:\/\/www.focolare.org\/pt-pt\/wp-json\/wp\/v2\/tags?post=301326"}],"curies":[{"name":"wp","href":"https:\/\/api.w.org\/{rel}","templated":true}]}}