{"id":301362,"date":"2011-11-05T21:40:01","date_gmt":"2011-11-05T20:40:01","guid":{"rendered":"https:\/\/www.focolare.org\/na-holanda-com-as-comunidades-do-norte-da-europa\/"},"modified":"2024-05-13T21:15:15","modified_gmt":"2024-05-13T19:15:15","slug":"na-holanda-com-as-comunidades-do-norte-da-europa","status":"publish","type":"post","link":"https:\/\/www.focolare.org\/pt-pt\/na-holanda-com-as-comunidades-do-norte-da-europa\/","title":{"rendered":"Na Holanda com as comunidades do norte da Europa"},"content":{"rendered":"<p><img alt=\"\" alt=\"\" loading=\"lazy\" decoding=\"async\" class=\"alignleft size-full wp-image-48552\" style=\"margin-right: 10px;border: 0pt\" src=\"https:\/\/www.focolare.org\/wp-content\/uploads\/2011\/11\/20111106-04.jpg\" alt=\"\" width=\"320\" height=\"213\" \/><strong>Quatro de novembro. <\/strong>O primeiro dia de Maria Voce e Giancarlo Faletti na Mari\u00e1polis de Marienkroon inicia <strong>encontrando alguns bispos cat\u00f3licos da Holanda e da Isl\u00e2ndia<\/strong>. Um interc\u00e2mbio franco de ideias e perspectivas, sobre como testemunhar a f\u00e9 cat\u00f3lica na sociedade secularizada de hoje.  <strong>Na Holanda, nos anos ap\u00f3s o Conc\u00edlio Vaticano II, entrou em ato a chamada \u201cpolariza\u00e7\u00e3o\u201d<\/strong>, com a crescente incompreens\u00e3o entre cat\u00f3licos \u201cconservadores\u201d e \u201cprogressistas\u201d. Somente no final dos anos 1990 a situa\u00e7\u00e3o melhorou, inclusive por m\u00e9rito da colabora\u00e7\u00e3o entre jovens de diversos movimentos e animadores juvenis das dioceses. <strong>No que se refere ao ecumenismo a situa\u00e7\u00e3o hoje melhorou decisivamente<\/strong>, em rela\u00e7\u00e3o aos anos 1960, quando cat\u00f3licos e protestantes quase n\u00e3o tinham contato. Atualmente existe um processo de reaproxima\u00e7\u00e3o que, espera-se, possa levar em breve a um dia nacional de reconcilia\u00e7\u00e3o. <strong>O projeto <a href=\"http:\/\/www.together4europe.org\/it\/insieme-per-l-europa-2012.html\" target=\"_blank\" rel=\"noopener\">\u201cJuntos pela Europa\u201d<\/a> \u00e9 parceiro neste processo.<\/strong>  <strong>Mas apesar disso<\/strong>, tamb\u00e9m devido aos esc\u00e2ndalos sobre os abusos sexuais, <strong>a apatia e a indiferen\u00e7a diante do fen\u00f4meno religioso parecem crescer<\/strong>. \u00ab<em>\u00c9 um desafio colaborar mais entre n\u00f3s, porque nenhum movimento sozinho \u00e9 suficiente para mudar as coisas<\/em> \u2013 afirmou Maria Voce \u2013. <em>Cada um responde pelo dom especial que recebeu, para n\u00f3s \u00e9 a unidade, que deve ser atuada inclusive entre os movimentos\u00bb<\/em>.  <strong>Segundo o bispo, dom De Jong, a Mari\u00e1polis poderia hospedar uma escola, dirigida pelos Focolares<\/strong>, fundamentada no amor ao pr\u00f3ximo e aberta a todos, a fim de formar os adolescentes, que, nestes tempos, na Holanda respiram apenas uma cultura secularizada. Ao responder, a presidente afirmou que mais do que uma \u00fanica escola s\u00e3o necess\u00e1rios, em todas as escolas, professores que encarnem o Evangelho em suas vidas, mas que a possibilidade de atua\u00e7\u00e3o da proposta ser\u00e1 avaliada pelos respons\u00e1veis do Movimento na Holanda.  <img alt=\"\" alt=\"\" loading=\"lazy\" decoding=\"async\" class=\"alignright size-full wp-image-48549\" style=\"margin-left: 10px;border: 0pt\" src=\"https:\/\/www.focolare.org\/wp-content\/uploads\/2011\/11\/20111106-02.jpg\" alt=\"\" width=\"400\" height=\"211\" \/><strong>\u00c0 tarde<\/strong> houve o encontro com os representantes das v\u00e1rias express\u00f5es do Movimento e das comunidades que est\u00e3o crescendo na <strong>Noruega, Su\u00e9cia, Finl\u00e2ndia, Dinamarca, Isl\u00e2ndia e Holanda<\/strong>, o que permitiu a Maria Voce e Giancarlo Faletti, conhecer a situa\u00e7\u00e3o atual nesses pa\u00edses. Culturas e povos diferentes entre si, e mesmo assim \u00ab<em>cada um sente como pr\u00f3prio e alegra-se por aquilo que os outros fazem. Cada vez que chego para visitar um pa\u00eds e o avi\u00e3o come\u00e7a a descer <\/em>\u2013 continua a presidente \u2013 <em>fico com um n\u00f3 na garganta, pensando nos irm\u00e3os que me esperam em festa. N\u00f3s somos gente de sorte, por poder experimentar a d\u00e1diva de Deus que \u00e9 a fam\u00edlia do Movimento em todos os pa\u00edses do mundo\u00bb<\/em>.  <strong>E concluindo o dia, ap\u00f3s o jantar, um di\u00e1logo tu a tu com 25 <a href=\"https:\/\/www.focolare.org\/pt\/movimento-dei-focolari\/scelte-e-impegno\/gen\/\" target=\"_blank\" rel=\"noopener\">gen<\/a>, em vista da j\u00e1 iminente \u201cJornada dos Jovens Cat\u00f3licos&#8221;<\/strong>, promovida pela Confer\u00eancia Episcopal, com a colabora\u00e7\u00e3o dos jovens do Movimento dos Focolares e de outros movimentos. O futuro do Movimento est\u00e1 aqui, nesses jovens que s\u00e3o chamados de todos os lados para contar a hist\u00f3ria de <a href=\"http:\/\/www.chiaraluce.org\/\" target=\"_blank\" rel=\"noopener\"><strong>Chiara Luce<\/strong><\/a>, a primeira jovem do Movimento reconhecida pela Igreja como bem-aventurada.  <em>Do enviado: Giulio Meazzini<\/em><\/p>\n","protected":false},"excerpt":{"rendered":"<p>A presidente do Movimento dos Focolares encontra as comunidades da Noruega, Su\u00e9cia, Finl\u00e2ndia, Dinamarca, Isl\u00e2ndia e Holanda. Di\u00e1logo com alguns bispos cat\u00f3licos. Encontro pessoal com os jovens.<\/p>\n","protected":false},"author":34,"featured_media":0,"comment_status":"open","ping_status":"open","sticky":false,"template":"","format":"standard","meta":{"give_campaign_id":0,"_seopress_robots_primary_cat":"","_seopress_titles_title":"","_seopress_titles_desc":"","_seopress_robots_index":"","_et_pb_use_builder":"","_et_pb_old_content":"","_et_gb_content_width":"","footnotes":""},"categories":[909],"tags":[],"class_list":["post-301362","post","type-post","status-publish","format-standard","hentry","category-focolare-worldwide-2-4"],"_links":{"self":[{"href":"https:\/\/www.focolare.org\/pt-pt\/wp-json\/wp\/v2\/posts\/301362","targetHints":{"allow":["GET"]}}],"collection":[{"href":"https:\/\/www.focolare.org\/pt-pt\/wp-json\/wp\/v2\/posts"}],"about":[{"href":"https:\/\/www.focolare.org\/pt-pt\/wp-json\/wp\/v2\/types\/post"}],"author":[{"embeddable":true,"href":"https:\/\/www.focolare.org\/pt-pt\/wp-json\/wp\/v2\/users\/34"}],"replies":[{"embeddable":true,"href":"https:\/\/www.focolare.org\/pt-pt\/wp-json\/wp\/v2\/comments?post=301362"}],"version-history":[{"count":0,"href":"https:\/\/www.focolare.org\/pt-pt\/wp-json\/wp\/v2\/posts\/301362\/revisions"}],"wp:attachment":[{"href":"https:\/\/www.focolare.org\/pt-pt\/wp-json\/wp\/v2\/media?parent=301362"}],"wp:term":[{"taxonomy":"category","embeddable":true,"href":"https:\/\/www.focolare.org\/pt-pt\/wp-json\/wp\/v2\/categories?post=301362"},{"taxonomy":"post_tag","embeddable":true,"href":"https:\/\/www.focolare.org\/pt-pt\/wp-json\/wp\/v2\/tags?post=301362"}],"curies":[{"name":"wp","href":"https:\/\/api.w.org\/{rel}","templated":true}]}}