{"id":301366,"date":"2011-11-07T17:16:49","date_gmt":"2011-11-07T16:16:49","guid":{"rendered":"https:\/\/www.focolare.org\/ser-fogo-a-jornada-dos-jovens-holandeses\/"},"modified":"2024-05-13T21:15:16","modified_gmt":"2024-05-13T19:15:16","slug":"ser-fogo-a-jornada-dos-jovens-holandeses","status":"publish","type":"post","link":"https:\/\/www.focolare.org\/pt-pt\/ser-fogo-a-jornada-dos-jovens-holandeses\/","title":{"rendered":"Ser fogo: a jornada dos jovens holandeses"},"content":{"rendered":"<p><img alt=\"\" alt=\"\" loading=\"lazy\" decoding=\"async\" class=\"size-full wp-image-48802 alignright\" style=\"margin-left: 10px;border: 0pt none\" src=\"https:\/\/www.focolare.org\/wp-content\/uploads\/2011\/11\/20111108-03.jpg\" alt=\"\" width=\"424\" height=\"282\" \/>Maria Voce viu-se cercada de jovens no <strong>Congresso anual dos jovens cat\u00f3licos holandeses<\/strong>, organizado pela Confer\u00eancia Episcopal juntamente com v\u00e1rios movimentos, no dia 6 de novembro. Os participantes eram milhares. O estilo foi o de um concerto rock: ritmo acelerado, m\u00fasica a todo volume, simpatia, mas tamb\u00e9m reflex\u00e3o. A identidade cat\u00f3lica, minorit\u00e1ria na Holanda, foi fortemente salientada.  <strong>Entre uma can\u00e7\u00e3o com tema religioso e outra houve a entrevista com um sacerdote e depois chegou a vez de Maria Voce.<\/strong> Ela subiu ao palco acompanhada por um grupo de<a href=\"https:\/\/www.focolare.org\/pt\/movimento-dei-focolari\/scelte-e-impegno\/gen\/\" target=\"_blank\" rel=\"noopener\"><strong> gen<\/strong><\/a>, que lhe dirigiram algumas perguntas. Suas respostas sublinharam mais a unidade do que a diversidade. \u00abAntes de pertencer a uma igreja ou a outra, crentes ou n\u00e3o, somos todos filhos de Deus, portanto, irm\u00e3os\u00bb. E recordou que quando conheceu o Movimento ficou tocada por uma afirma\u00e7\u00e3o: \u00abEsta n\u00e3o \u00e9 uma organiza\u00e7\u00e3o, \u00e9 uma vida, se voc\u00ea vive o Evangelho faz parte desse grupo\u00bb.  Prosseguiu-se com outras can\u00e7\u00f5es, a entrevista com o bispo que h\u00e1 12 anos acompanha os jovens e que agora passa este encargo ao seu bispo auxiliar, que tamb\u00e9m foi entrevistado. Um v\u00eddeo sobre a JMJ e 15 minutos com a R\u00e1dio Maria, que iniciou suas transmiss\u00f5es na Holanda. Depois a Santa Missa, workshops, estandes. Muitas emo\u00e7\u00f5es, mas para muitos tamb\u00e9m um compromisso s\u00e9rio em viver e testemunhar aquele \u201cfogo\u201d do qual falava o t\u00edtulo da jornada, e que hoje foi aceso ou reaceso. A apresentadora repetia: \u00abVamos nos reacender!\u00bb.  \u00c0 tarde, na Mari\u00e1polis Marienkroon, Maria Voce reuniu-se com os membros do Movimento vindos da Dinamarca, Noruega, Su\u00e9cia, Isl\u00e2ndia e Finl\u00e2ndia. \u00abSempre sonhamos que Chiara Lubich pudesse visitar os nossos pa\u00edses, mas n\u00e3o foi poss\u00edvel. Este \u00e9 um momento hist\u00f3rico para n\u00f3s\u00bb. Acolheram a presidente com familiaridade, confid\u00eancia e muito calor (e dizem que os povos do norte s\u00e3o frios!), contando suas vit\u00f3rias e dificuldades, principalmente no campo do ecumenismo.  <strong>Maria Voce agradeceu-lhes pela sua fidelidade e os encorajou<\/strong>: \u00abDevemos chegar \u00e0 fam\u00edlia universal. Lembremos, por\u00e9m, que n\u00f3s n\u00e3o fazemos o di\u00e1logo entre as religi\u00f5es, mas entre as pessoas. Por exemplo, no recente grande encontro entre as religi\u00f5es, em Assis, tive uma grande alegria, porque quase todos os que vieram, de v\u00e1rias religi\u00f5es, conheciam o Movimento e me expressavam o seu reconhecimento. \u00c9 verdade que \u00e0s vezes encontramos diferen\u00e7as que jamais conseguiremos superar, mas podemos aceitar-nos profundamente, amando-nos assim como somos. E devo testemunhar que este ano tive a surpresa de encontrar pessoas de outras religi\u00f5es que n\u00e3o est\u00e3o apenas em di\u00e1logo conosco, como do lado de fora, mas estamos todos juntos, diante do mundo para testemunhar o ideal da unidade\u00bb. O encontro concluiu-se com can\u00e7\u00f5es, fotos, sauda\u00e7\u00f5es e a promessa de rever-se em breve, quem sabe em um desses pa\u00edses n\u00f3rdicos!  O \u00faltimo compromisso do dia foi o encontro com os moradores da Mari\u00e1polis, especialmente os pioneiros, que com suas vidas e a disponibilidade de deixar tudo, fizeram nascer e crescer Marienkroon. Pessoas que talvez nunca tiveram um microfone nas m\u00e3os em ocasi\u00f5es p\u00fablicas, mas que agora, diante da presidente, tomam coragem e com simplicidade contam os momentos mais \u00edntimos de suas vidas. \u00abEu trabalho na Mari\u00e1polis para que as pessoas possam dizer: \u201ccomo \u00e9 lindo aqui!\u201d. E possam encontrar Deus, porque Deus \u00e9 belo!\u00bb. Marienkroon, uma Mari\u00e1polis \u00fanica, uma Mari\u00e1polis feita de cora\u00e7\u00f5es.  <em> Do enviado: Giulio Meazzini<\/em><\/p>\n","protected":false},"excerpt":{"rendered":"<p>Com os jovens cat\u00f3licos holandeses, as comunidades dos Focolares dos pa\u00edses n\u00f3rdicos e os habitantes da Mari\u00e1polis Marienkroon. O terceiro dia de Maria Voce e Giancarlo Faletti na Holanda. Alegria entre irm\u00e3os.<\/p>\n","protected":false},"author":34,"featured_media":0,"comment_status":"open","ping_status":"open","sticky":false,"template":"","format":"standard","meta":{"give_campaign_id":0,"_seopress_robots_primary_cat":"","_seopress_titles_title":"","_seopress_titles_desc":"","_seopress_robots_index":"","_et_pb_use_builder":"","_et_pb_old_content":"","_et_gb_content_width":"","footnotes":""},"categories":[909],"tags":[],"class_list":["post-301366","post","type-post","status-publish","format-standard","hentry","category-focolare-worldwide-2-4"],"_links":{"self":[{"href":"https:\/\/www.focolare.org\/pt-pt\/wp-json\/wp\/v2\/posts\/301366","targetHints":{"allow":["GET"]}}],"collection":[{"href":"https:\/\/www.focolare.org\/pt-pt\/wp-json\/wp\/v2\/posts"}],"about":[{"href":"https:\/\/www.focolare.org\/pt-pt\/wp-json\/wp\/v2\/types\/post"}],"author":[{"embeddable":true,"href":"https:\/\/www.focolare.org\/pt-pt\/wp-json\/wp\/v2\/users\/34"}],"replies":[{"embeddable":true,"href":"https:\/\/www.focolare.org\/pt-pt\/wp-json\/wp\/v2\/comments?post=301366"}],"version-history":[{"count":0,"href":"https:\/\/www.focolare.org\/pt-pt\/wp-json\/wp\/v2\/posts\/301366\/revisions"}],"wp:attachment":[{"href":"https:\/\/www.focolare.org\/pt-pt\/wp-json\/wp\/v2\/media?parent=301366"}],"wp:term":[{"taxonomy":"category","embeddable":true,"href":"https:\/\/www.focolare.org\/pt-pt\/wp-json\/wp\/v2\/categories?post=301366"},{"taxonomy":"post_tag","embeddable":true,"href":"https:\/\/www.focolare.org\/pt-pt\/wp-json\/wp\/v2\/tags?post=301366"}],"curies":[{"name":"wp","href":"https:\/\/api.w.org\/{rel}","templated":true}]}}