{"id":301368,"date":"2011-11-08T05:00:43","date_gmt":"2011-11-08T04:00:43","guid":{"rendered":"https:\/\/www.focolare.org\/reportage\/"},"modified":"2024-05-13T21:15:16","modified_gmt":"2024-05-13T19:15:16","slug":"reportage","status":"publish","type":"post","link":"https:\/\/www.focolare.org\/pt-pt\/reportage\/","title":{"rendered":"Reportage"},"content":{"rendered":"<table border=\"0\" align=\"center\">\n<tbody>\n<tr>\n<td><a href=\"..\/it\/news\/2011\/11\/07\/essere-fuoco-la-giornata-dei-giovani-olandesi\/\"><img loading=\"lazy\" decoding=\"async\" src=\"https:\/\/www.focolare.org\/wp-content\/uploads\/2011\/11\/20111108-02-210x128.jpg\" alt=\"\" width=\"210\" height=\"128\" \/><\/a><\/td>\n<td>\n<div><a href=\"https:\/\/www.focolare.org\/wp-admin\/post.php?post=48618&amp;action=edit&amp;message=1\"><strong>Ser fogo: a jornada dos jovens holandeses<\/strong><\/a><\/div>\n<div>7 Novembro 2011<\/div>\n<div>Com os jovens cat\u00f3licos  holandeses, as comunidades dos Focolares dos pa\u00edses n\u00f3rdicos e os  habitantes da Mari\u00e1polis Marienkroon. O terceiro dia de Maria Voce e  Giancarlo Faletti na Holanda. Alegria entre irm\u00e3os.<\/div>\n<\/td>\n<\/tr>\n<tr>\n<td><a href=\"https:\/\/www.focolare.org\/pt\/news\/2011\/11\/07\/buon-compleanno-olanda\/\"><img alt=\"\" alt=\"\" loading=\"lazy\" decoding=\"async\" class=\"size-home_right wp-image-48690 alignnone\" style=\"margin-right: 10px;border: 0pt none\" src=\"https:\/\/www.focolare.org\/wp-content\/uploads\/2011\/11\/20111107-06-210x128.jpg\" alt=\"\" width=\"210\" height=\"128\" \/><\/a><\/td>\n<td><strong><a href=\"..\/pt\/news\/2011\/11\/07\/buon-compleanno-olanda\/\">Feliz anivers\u00e1rio, Holanda!<\/a><\/strong> 7 Novembro 2011 A festa dos 50 anos do Movimento dos Focolares nos Pa\u00edses Baixos.&nbsp;  &nbsp;<\/td>\n<\/tr>\n<tr>\n<td><a href=\"https:\/\/www.focolare.org\/es\/news\/2011\/11\/06\/olanda-con-le-comunita-dell%e2%80%99europa-del-nord\/\"><img alt=\"\" alt=\"\" loading=\"lazy\" decoding=\"async\" class=\"size-full wp-image-48762 alignnone\" style=\"margin-right: 10px;border: 0pt none\" src=\"https:\/\/www.focolare.org\/wp-content\/uploads\/2011\/11\/20111106-14a.jpg\" alt=\"\" width=\"210\" height=\"128\" \/><\/a><\/td>\n<td>\n<div><strong><a href=\"https:\/\/www.focolare.org\/es\/news\/2011\/11\/06\/olanda-con-le-comunita-dell%e2%80%99europa-del-nord\/\">Holanda: con las comunidades del norte de Europa<\/a><\/strong><\/div>\n<div>6 noviembre 2011<\/div>\n<div>La Presidente de los  Focolares se re\u00fane con las comunidades del Movimiento de Noruega,  Suecia, Finlandia, Dinamarca, Islandia y Holanda. Di\u00e1logo con algunos  obispos cat\u00f3licos. Encuentro cara a cara con los j\u00f3venes.<\/div>\n<p> <a href=\"..\/pt\/news\/2011\/11\/06\/olanda-con-le-comunita-dell%e2%80%99europa-del-nord\/\"> <\/a><\/td>\n<\/tr>\n<tr>\n<td><a href=\"https:\/\/www.focolare.org\/es\/news\/2011\/11\/04\/una-cittadella-per-l%e2%80%99olanda\/\"><img alt=\"\" alt=\"\" loading=\"lazy\" decoding=\"async\" class=\"size-full wp-image-48442 alignnone\" style=\"margin-right: 10px;border: 0pt none;margin-bottom: 20px\" src=\"https:\/\/www.focolare.org\/wp-content\/uploads\/2011\/11\/20111104-a.jpg\" alt=\"\" width=\"210\" height=\"128\" \/><\/a><\/td>\n<td>\n<div><a href=\"https:\/\/www.focolare.org\/es\/news\/2011\/11\/04\/una-cittadella-per-l%e2%80%99olanda\/\"><strong>Una ciudadela para Holanda<\/strong><\/a><\/div>\n<div>4 noviembre 2011<\/div>\n<div>Los responsables del  Movimiento de los Focolares de visita a las comunidades de Holanda. Se  empieza por Marienkroon, antiguo centro de espiritualidad cistercense,  actualmente ciudadela de los Focolares.<\/div>\n<\/td>\n<\/tr>\n<tr>\n<td><\/td>\n<td><\/td>\n<\/tr>\n<tr>\n<td><\/td>\n<td><\/td>\n<\/tr>\n<tr>\n<td><\/td>\n<td><\/td>\n<\/tr>\n<tr>\n<td><\/td>\n<td><\/td>\n<\/tr>\n<\/tbody>\n<\/table>\n<p> &nbsp;  <a href=\"https:\/\/www.focolare.org\/pt\/news\/2011\/11\/07\/buon-compleanno-olanda\/\"> <\/a>  <a href=\"https:\/\/www.focolare.org\/pt\/news\/2011\/11\/06\/olanda-con-le-comunita-dell%e2%80%99europa-del-nord\/\"> <\/a>  &nbsp; <\/p>\n<div><a href=\"https:\/\/www.focolare.org\/pt\/news\/2011\/11\/04\/una-cittadella-per-l%e2%80%99olanda\/\">Uma Mari\u00e1polis permanente para a Holanda<\/a><\/div>\n<div>4 Novembro 2011<\/div>\n<div>Os respons\u00e1veis do  Movimento dos Focolares visitam a Holanda, come\u00e7ando por Marienkroon, um  ex-centro de espiritualidade cisterciense, agora Mari\u00e1polis permanente.<\/div>\n","protected":false},"excerpt":{"rendered":"<p>A comunidade do Movimento dos Focolares na Holanda celebra os 50 anos do nascimento do Movimento naquela terra.<\/p>\n","protected":false},"author":33,"featured_media":0,"comment_status":"open","ping_status":"open","sticky":false,"template":"","format":"standard","meta":{"give_campaign_id":0,"_seopress_robots_primary_cat":"","_seopress_titles_title":"","_seopress_titles_desc":"","_seopress_robots_index":"","_et_pb_use_builder":"","_et_pb_old_content":"","_et_gb_content_width":"","footnotes":""},"categories":[129],"tags":[],"class_list":["post-301368","post","type-post","status-publish","format-standard","hentry","category-sem-categoria"],"_links":{"self":[{"href":"https:\/\/www.focolare.org\/pt-pt\/wp-json\/wp\/v2\/posts\/301368","targetHints":{"allow":["GET"]}}],"collection":[{"href":"https:\/\/www.focolare.org\/pt-pt\/wp-json\/wp\/v2\/posts"}],"about":[{"href":"https:\/\/www.focolare.org\/pt-pt\/wp-json\/wp\/v2\/types\/post"}],"author":[{"embeddable":true,"href":"https:\/\/www.focolare.org\/pt-pt\/wp-json\/wp\/v2\/users\/33"}],"replies":[{"embeddable":true,"href":"https:\/\/www.focolare.org\/pt-pt\/wp-json\/wp\/v2\/comments?post=301368"}],"version-history":[{"count":0,"href":"https:\/\/www.focolare.org\/pt-pt\/wp-json\/wp\/v2\/posts\/301368\/revisions"}],"wp:attachment":[{"href":"https:\/\/www.focolare.org\/pt-pt\/wp-json\/wp\/v2\/media?parent=301368"}],"wp:term":[{"taxonomy":"category","embeddable":true,"href":"https:\/\/www.focolare.org\/pt-pt\/wp-json\/wp\/v2\/categories?post=301368"},{"taxonomy":"post_tag","embeddable":true,"href":"https:\/\/www.focolare.org\/pt-pt\/wp-json\/wp\/v2\/tags?post=301368"}],"curies":[{"name":"wp","href":"https:\/\/api.w.org\/{rel}","templated":true}]}}