{"id":315784,"date":"2017-09-16T00:10:10","date_gmt":"2017-09-15T22:10:10","guid":{"rendered":"https:\/\/www.focolare.org\/a-escolha-exclusiva-de-chiara-lubich\/"},"modified":"2024-05-15T21:04:58","modified_gmt":"2024-05-15T19:04:58","slug":"a-escolha-exclusiva-de-chiara-lubich","status":"publish","type":"post","link":"https:\/\/www.focolare.org\/pt-pt\/a-escolha-exclusiva-de-chiara-lubich\/","title":{"rendered":"A escolha exclusiva de Chiara Lubich"},"content":{"rendered":"<p><img loading=\"lazy\" decoding=\"async\" class=\"size-full wp-image-155928 alignleft\" src=\"https:\/\/www.focolare.org\/wp-content\/uploads\/2017\/09\/20170916-02a.jpg\" alt=\"20170916-02a\" width=\"368\" height=\"245\" \/>\u201c<strong>Em<\/strong> <a href=\"https:\/\/www.focolare.org\/pt\/chiara-lubich\/spiritualita-dellunita\/gesu-abbandonato\/\" target=\"_blank\" rel=\"noopener\">Jesus Abandonado<\/a> se manifesta o infinito amor de Deus, colocado pelo Pai no cora\u00e7\u00e3o dos fi\u00e9is, para realizar desde j\u00e1 o seu des\u00edgnio para a humanidade: a unidade.  <strong>Amar Jesus Abandonado <\/strong>significa ent\u00e3o reviver em n\u00f3s a sua P\u00e1scoa, a cont\u00ednua passagem, para n\u00f3s ainda a caminho, da morte para a vida, da aus\u00eancia de Deus para a sua presen\u00e7a, que\u00a0 caracteriza a exist\u00eancia crist\u00e3.  <strong>N\u00e3o se trata de resigna\u00e7\u00e3o<\/strong> ou de querer sofrer como Jesus sofreu, mas sim, de repercorrer o caminho aberto por ele e de reconhecer \u2013 para al\u00e9m das apar\u00eancias \u2013 a sua presen\u00e7a ativa em tudo o que n\u00e3o \u00e9 Deus em n\u00f3s e ao nosso redor.  <strong>Significa dizer sim a Ele e como Ele<\/strong><strong>, a fim de que o Esp\u00edrito <\/strong>Santo possa irromper no nosso nada desejado e expandir o Seu dom do \u00e1gape divino que nos abre \u00e0 vida futura, eterna, tornando-nos part\u00edcipes dela.  <strong>Ao mesmo tempo, Jesus Abandonado<\/strong> nos faz ir ao encontro da humanidade, justamente l\u00e1 onde ela mais sofre e vive na escurid\u00e3o. Jesus Abandonado, abra\u00e7ado e amado, coloca amor onde h\u00e1 \u00f3dio, vida onde h\u00e1 morte, comunh\u00e3o e unidade onde h\u00e1 divis\u00e3o. Amar Jesus Abandonado \u00e9, portanto, esperan\u00e7a contra toda esperan\u00e7a, proximidade de Deus onde Deus n\u00e3o existe, presen\u00e7a de Deus onde existe o sil\u00eancio de Deus.  <strong>E esta esperan\u00e7a \u00e9 certeza<\/strong> de um mundo e de uma hist\u00f3ria humana que n\u00e3o se fecham sobre si mesmos, mas se abrem ao encontro sempre novo com Deus e, nele, se abrem ao encontro sempre novo dos homens entre si, numa comunh\u00e3o fraterna de dimens\u00f5es realmente universais\u201d.  De\u00a0<a href=\"https:\/\/www.focolare.org\/pt\/chiara-lubich\/chi-e-chiara\/pasquale-foresi\/\" target=\"_blank\" rel=\"noopener\">Pasquale Foresi<\/a> &#8211; LUCE CHE SI INCARNA \u2013 <a href=\"https:\/\/www.cittanuova.it\/libri\/9788831151719\/luce-che-si-incarna\/\">Citt\u00e0 Nuova 2014 <\/a>pagg. 172-3<\/p>\n","protected":false},"excerpt":{"rendered":"<p>Escolher e amar Aquele que no \u00e1pice do Seu amor pela humanidade, grita na cruz: \u201cMeu Deus, meu Deus, por que me abandonaste?\u201d. A profunda reflex\u00e3o do te\u00f3logo Pasquale Foresi.<\/p>\n","protected":false},"author":34,"featured_media":0,"comment_status":"open","ping_status":"open","sticky":false,"template":"","format":"standard","meta":{"give_campaign_id":0,"_seopress_robots_primary_cat":"","_seopress_titles_title":"","_seopress_titles_desc":"","_seopress_robots_index":"","_et_pb_use_builder":"","_et_pb_old_content":"","_et_gb_content_width":"","footnotes":""},"categories":[129],"tags":[],"class_list":["post-315784","post","type-post","status-publish","format-standard","hentry","category-sem-categoria"],"_links":{"self":[{"href":"https:\/\/www.focolare.org\/pt-pt\/wp-json\/wp\/v2\/posts\/315784","targetHints":{"allow":["GET"]}}],"collection":[{"href":"https:\/\/www.focolare.org\/pt-pt\/wp-json\/wp\/v2\/posts"}],"about":[{"href":"https:\/\/www.focolare.org\/pt-pt\/wp-json\/wp\/v2\/types\/post"}],"author":[{"embeddable":true,"href":"https:\/\/www.focolare.org\/pt-pt\/wp-json\/wp\/v2\/users\/34"}],"replies":[{"embeddable":true,"href":"https:\/\/www.focolare.org\/pt-pt\/wp-json\/wp\/v2\/comments?post=315784"}],"version-history":[{"count":0,"href":"https:\/\/www.focolare.org\/pt-pt\/wp-json\/wp\/v2\/posts\/315784\/revisions"}],"wp:attachment":[{"href":"https:\/\/www.focolare.org\/pt-pt\/wp-json\/wp\/v2\/media?parent=315784"}],"wp:term":[{"taxonomy":"category","embeddable":true,"href":"https:\/\/www.focolare.org\/pt-pt\/wp-json\/wp\/v2\/categories?post=315784"},{"taxonomy":"post_tag","embeddable":true,"href":"https:\/\/www.focolare.org\/pt-pt\/wp-json\/wp\/v2\/tags?post=315784"}],"curies":[{"name":"wp","href":"https:\/\/api.w.org\/{rel}","templated":true}]}}