{"id":315798,"date":"2017-09-22T15:06:48","date_gmt":"2017-09-22T13:06:48","guid":{"rendered":"https:\/\/www.focolare.org\/a-mistica-do-fogo-em-catarina-e-chiara\/"},"modified":"2024-05-15T21:05:01","modified_gmt":"2024-05-15T19:05:01","slug":"a-mistica-do-fogo-em-catarina-e-chiara","status":"publish","type":"post","link":"https:\/\/www.focolare.org\/pt-pt\/a-mistica-do-fogo-em-catarina-e-chiara\/","title":{"rendered":"\u201cA M\u00edstica do Fogo em Catarina e Chiara\u201d"},"content":{"rendered":"<p><strong>Por ocasi\u00e3o do 30\u00ba anivers\u00e1rio (1987-2017) da outorga da Placa Cateriniana a<\/strong> <a href=\"https:\/\/www.focolare.org\/pt\/chiara-lubich\/\">Chiara Lubich<\/a>, a Comunidade dos Padres Dominicanos de Sena (It\u00e1lia), em colabora\u00e7\u00e3o com a Associa\u00e7\u00e3o Internacional dos \u201cCatarinatos\u201d e o Movimento dos Focolares, promove um simp\u00f3sio (23 e 24 de setembro, em Loppiano, a cidadezinha fundada por Chiara Lubich em 1964) com o t\u00edtulo: \u201cA M\u00edstica do Fogo em Catarina e Chiara\u201d.  Os palestrantes: professor Piero Coda, reitor da Universidade Sophia e Irm\u00e3 Elena Ascoli O.P, da Associa\u00e7\u00e3o Internacional dos \u201cCatarinatos\u201d. Moderador: Padre Alfredo Scarciglia O.P. (prior do convento de S\u00e3o Domingos de Sena e assistente eclesi\u00e1stico dos \u201cCatarinatos\u201d).  <strong>Ser\u00e1 lida uma mensagem de<\/strong> <a href=\"https:\/\/www.focolare.org\/pt\/news\/2014\/09\/15\/maria-voce\/\">Maria Voce<\/a>, presidente dos Focolares.  <strong>Durante o simp\u00f3sio<\/strong> ser\u00e1 projetado um DVD sobre a outorga da Placa Cateriniana a Chiara Lubich e a atriz senense Paola Lambardi ler\u00e1 algumas passagens extra\u00eddas dos textos catarinianos.  &nbsp;  <a href=\"http:\/\/www.iu-sophia.org\/Event\/Show\/Convegno-La-mistica-del-fuoco--Santa-Caterina-da-Siena-e-Chiara-Lubich\" target=\"_blank\" rel=\"noopener\">Programa<\/a><\/p>\n","protected":false},"excerpt":{"rendered":"<p>Por ocasi\u00e3o do 30\u00ba anivers\u00e1rio (1987-2017) da outorga da Placa Cateriniana a Chiara Lubich, a Comunidade dos Padres Dominicanos de Sena (It\u00e1lia), em colabora\u00e7\u00e3o com a Associa\u00e7\u00e3o Internacional dos \u201cCatarinatos\u201d e o Movimento dos Focolares, promove um simp\u00f3sio (23 e 24 de setembro, em Loppiano, a cidadezinha fundada por Chiara Lubich em 1964) com o [&hellip;]<\/p>\n","protected":false},"author":34,"featured_media":0,"comment_status":"open","ping_status":"open","sticky":false,"template":"","format":"standard","meta":{"give_campaign_id":0,"_seopress_robots_primary_cat":"","_seopress_titles_title":"","_seopress_titles_desc":"","_seopress_robots_index":"","_et_pb_use_builder":"","_et_pb_old_content":"","_et_gb_content_width":"","footnotes":""},"categories":[129],"tags":[],"class_list":["post-315798","post","type-post","status-publish","format-standard","hentry","category-sem-categoria"],"_links":{"self":[{"href":"https:\/\/www.focolare.org\/pt-pt\/wp-json\/wp\/v2\/posts\/315798","targetHints":{"allow":["GET"]}}],"collection":[{"href":"https:\/\/www.focolare.org\/pt-pt\/wp-json\/wp\/v2\/posts"}],"about":[{"href":"https:\/\/www.focolare.org\/pt-pt\/wp-json\/wp\/v2\/types\/post"}],"author":[{"embeddable":true,"href":"https:\/\/www.focolare.org\/pt-pt\/wp-json\/wp\/v2\/users\/34"}],"replies":[{"embeddable":true,"href":"https:\/\/www.focolare.org\/pt-pt\/wp-json\/wp\/v2\/comments?post=315798"}],"version-history":[{"count":0,"href":"https:\/\/www.focolare.org\/pt-pt\/wp-json\/wp\/v2\/posts\/315798\/revisions"}],"wp:attachment":[{"href":"https:\/\/www.focolare.org\/pt-pt\/wp-json\/wp\/v2\/media?parent=315798"}],"wp:term":[{"taxonomy":"category","embeddable":true,"href":"https:\/\/www.focolare.org\/pt-pt\/wp-json\/wp\/v2\/categories?post=315798"},{"taxonomy":"post_tag","embeddable":true,"href":"https:\/\/www.focolare.org\/pt-pt\/wp-json\/wp\/v2\/tags?post=315798"}],"curies":[{"name":"wp","href":"https:\/\/api.w.org\/{rel}","templated":true}]}}