{"id":315820,"date":"2017-09-29T12:06:01","date_gmt":"2017-09-29T10:06:01","guid":{"rendered":"https:\/\/www.focolare.org\/50-anos-do-movimento-paroquial\/"},"modified":"2024-05-15T21:05:05","modified_gmt":"2024-05-15T19:05:05","slug":"50-anos-do-movimento-paroquial","status":"publish","type":"post","link":"https:\/\/www.focolare.org\/pt-pt\/50-anos-do-movimento-paroquial\/","title":{"rendered":"50 anos do Movimento Paroquial"},"content":{"rendered":"<p><strong><a href=\"https:\/\/www.focolare.org\/wp-content\/uploads\/2017\/09\/Vallo-Torinese.png\"><img loading=\"lazy\" decoding=\"async\" class=\"alignnone size-full wp-image-156681\" src=\"https:\/\/www.focolare.org\/wp-content\/uploads\/2017\/09\/Vallo-Torinese.png\" alt=\"Vallo Torinese\" width=\"1208\" height=\"596\" \/><\/a><\/strong>  <strong>No Centro Maria Orsola, se realizar\u00e1 uma jornada propositalmente dedicada,<\/strong> <strong>com o t\u00edtulo:<\/strong> \u201c<em>50 anos de hist\u00f3ria e uma paix\u00e3o pela Igreja<\/em>\u201d.  <strong>Juntamente com a apresenta\u00e7\u00e3o de<\/strong> algumas experi\u00eancias e com momentos art\u00edsticos, haver\u00e1 o discurso do card. <strong>Jo\u00e3o de Aviz<\/strong> (prefeito da <strong>Congrega\u00e7\u00e3o para os Institutos de vida consagrada<\/strong>, ex arcebispo de Bras\u00edlia), sobre o tema: \u201c<em>Das periferias do mundo ao Vaticano<\/em>\u201d, e o de D. <strong>Giuseppe Petrocchi<\/strong> (arcebispo de \u00c1quila), sobre: \u201c<em>A voca\u00e7\u00e3o do Movimento paroquial \u00e0 luz da Juvenescit Ecclesia<\/em>\u201d.  <a href=\"https:\/\/www.focolare.org\/press\/files\/2017\/10\/20171006CS_50MovParrocchiale-Focolari_CS_PT.pdf\" target=\"_blank\" rel=\"noopener\">Releases Imprensa<\/a><\/p>\n","protected":false},"excerpt":{"rendered":"<p>Simp\u00f3sio em Vallo Torinese.<\/p>\n","protected":false},"author":34,"featured_media":0,"comment_status":"open","ping_status":"open","sticky":false,"template":"","format":"standard","meta":{"give_campaign_id":0,"_seopress_robots_primary_cat":"","_seopress_titles_title":"","_seopress_titles_desc":"","_seopress_robots_index":"","_et_pb_use_builder":"","_et_pb_old_content":"","_et_gb_content_width":"","footnotes":""},"categories":[129],"tags":[],"class_list":["post-315820","post","type-post","status-publish","format-standard","hentry","category-sem-categoria"],"_links":{"self":[{"href":"https:\/\/www.focolare.org\/pt-pt\/wp-json\/wp\/v2\/posts\/315820","targetHints":{"allow":["GET"]}}],"collection":[{"href":"https:\/\/www.focolare.org\/pt-pt\/wp-json\/wp\/v2\/posts"}],"about":[{"href":"https:\/\/www.focolare.org\/pt-pt\/wp-json\/wp\/v2\/types\/post"}],"author":[{"embeddable":true,"href":"https:\/\/www.focolare.org\/pt-pt\/wp-json\/wp\/v2\/users\/34"}],"replies":[{"embeddable":true,"href":"https:\/\/www.focolare.org\/pt-pt\/wp-json\/wp\/v2\/comments?post=315820"}],"version-history":[{"count":0,"href":"https:\/\/www.focolare.org\/pt-pt\/wp-json\/wp\/v2\/posts\/315820\/revisions"}],"wp:attachment":[{"href":"https:\/\/www.focolare.org\/pt-pt\/wp-json\/wp\/v2\/media?parent=315820"}],"wp:term":[{"taxonomy":"category","embeddable":true,"href":"https:\/\/www.focolare.org\/pt-pt\/wp-json\/wp\/v2\/categories?post=315820"},{"taxonomy":"post_tag","embeddable":true,"href":"https:\/\/www.focolare.org\/pt-pt\/wp-json\/wp\/v2\/tags?post=315820"}],"curies":[{"name":"wp","href":"https:\/\/api.w.org\/{rel}","templated":true}]}}