{"id":315858,"date":"2017-10-12T00:10:21","date_gmt":"2017-10-11T22:10:21","guid":{"rendered":"https:\/\/www.focolare.org\/apelos-de-paz-para-o-leste-da-asia\/"},"modified":"2024-05-15T21:05:14","modified_gmt":"2024-05-15T19:05:14","slug":"apelos-de-paz-para-o-leste-da-asia","status":"publish","type":"post","link":"https:\/\/www.focolare.org\/pt-pt\/apelos-de-paz-para-o-leste-da-asia\/","title":{"rendered":"Apelos de paz para o leste da \u00c1sia"},"content":{"rendered":"<p><a href=\"https:\/\/www.focolare.org\/news\/2017\/10\/12\/appelli-per-la-pace-nel-nord-est-asia\/nikkyoniwano_chiaralubich_a\/\" rel=\"attachment wp-att-156805\"><img loading=\"lazy\" decoding=\"async\" class=\"size-full wp-image-156805 alignleft\" src=\"https:\/\/www.focolare.org\/wp-content\/uploads\/2017\/10\/NikkyoNiwano_ChiaraLubich_a.jpg\" alt=\"NikkyoNiwano_ChiaraLubich_a\" width=\"300\" height=\"199\" \/><\/a>A crise que nasceu ao redor do programa nuclear da Coreia do Norte e da rea\u00e7\u00e3o do governo dos Estados Unidos gerou o temor de uma possibilidade concreta de conflito nuclear.  <strong>O antigo prov\u00e9rbio latino<\/strong> \u201c<em>Se queres a paz, prepara-te para a guerra<\/em>\u201d <strong>atualmente n\u00e3o tem mais sentido<\/strong>. As consequ\u00eancias de um conflito, considerando o uso de armas nucleares, seriam destruidoras para o planeta inteiro. A paz deve ser estabelecida a todo custo onde foi rompida e deve ser mantida onde j\u00e1 foi alcan\u00e7ada.  <strong>Nos membros do <\/strong><a href=\"https:\/\/www.focolare.org\/pt\/chi-siamo\/\" target=\"_blank\" rel=\"noopener\">Movimento dos Focolares<\/a> cresce a consci\u00eancia do papel que cada um, pessoalmente e comunitariamente, tem neste processo. Al\u00e9m das ora\u00e7\u00f5es n\u00e3o faltam os envolvimentos de diferentes maneiras neste esfor\u00e7o comum, muitas vezes inspirados por iniciativas de outras organiza\u00e7\u00f5es ou movimentos com os quais os Focolares colaboram.  <strong>Neste sentido n\u00e3o podemos deixar de recordar o quanto a amizade espiritual entre<\/strong><a href=\"https:\/\/www.focolare.org\/pt\/chiara-lubich\/\" target=\"_blank\" rel=\"noopener\"> Chiara Lubich <\/a><strong>e<\/strong> <a href=\"https:\/\/www.focolare.org\/pt\/news\/2014\/02\/09\/chiara-lubich-e-le-religioni-buddhismo\/\" target=\"_blank\" rel=\"noopener\">Nikkyo Niwano<\/a>, fundador do movimento budista japon\u00eas <em>Rissho Kosei kai<\/em>, contribuiu na causa da paz e para formar as novas gera\u00e7\u00f5es a este valor. \u201c<em>N\u00e3o obstante existam dificuldades, a nossa colabora\u00e7\u00e3o gera a esperan\u00e7a de que seja poss\u00edvel trabalhar todos juntos pela paz<\/em>\u201d, <strong>escreveu Niwano a Chiara<\/strong>. Por ocasi\u00e3o do 50\u00b0 anivers\u00e1rio do nascimento dos Focolares, o fundador do movimento budista e seu filho, Nichico, renovaram este empenho comum para \u201c<em>tornar a nossa fam\u00edlia humana mais unida.<\/em>\u201d  <strong>A <strong>Rissho Kosei kai<\/strong> expressou-se tamb\u00e9m nos \u00faltimos dias<\/strong> por meio de um comunicado oficial que a presidente designada, <em>Rev. Sra. Kosho Niwano<\/em>, enviou a l\u00edderes do mundo inteiro, pol\u00edticos e religiosos, renovando o empenho do seu movimento em continuar tentando todas as formas para que a paz seja preservada na pen\u00ednsula coreana.  <strong>O apelo se inspira no pensamento do fundador Niwano<\/strong> que, por ocasi\u00e3o do seu discurso na Assembleia das Na\u00e7\u00f5es Unidas, em 1978, em um clima de plena Guerra Fria dirigiu-se aos representantes dos EUA e da URSS nesses termos: \u201c<em>Ao inv\u00e9s de arriscar com as armas, por favor, arrisquem pela paz e pelo desarmamento.<\/em>\u201d Niwano \u2013 como muitos l\u00edderes religiosos do seu tempo, entre eles Paulo VI, Jo\u00e3o Paulo II e tamb\u00e9m Chiara Lubich \u2013 tinha intu\u00eddo o papel que as religi\u00f5es podem exercer para realizar e manter a paz mundial.  <strong>A mensagem enviada pela Sra. Niwano tamb\u00e9m a<\/strong> <a href=\"https:\/\/www.focolare.org\/pt\/news\/2014\/09\/15\/maria-voce\/\" target=\"_blank\" rel=\"noopener\">Maria Voce<\/a>, <a href=\"https:\/\/www.focolare.org\/pt\/la-presidente\/\" target=\"_blank\" rel=\"noopener\">presidente do Movimento dos Focolares,<\/a> \u00e9 proveniente da filha de um povo que sofreu de maneira indescrit\u00edvel durante o \u00faltimo conflito mundial, e coloca os l\u00edderes pol\u00edticos do mundo diante do perigo dos efeitos das san\u00e7\u00f5es que poderiam causar rea\u00e7\u00f5es imprevis\u00edveis.  <strong>Tamb\u00e9m no Ocidente<\/strong> se procura sensibilizar as pessoas quanto ao perigo de uma amplia\u00e7\u00e3o nuclear. Por ocasi\u00e3o da comemora\u00e7\u00e3o da <em>Jornada de Ora\u00e7\u00e3o pela paz<\/em>, institu\u00edda por <strong>Jo\u00e3o Paulo II<\/strong> em 1986, <em>o Comit\u00ea por uma Civiliza\u00e7\u00e3o do Amor<\/em> organizou uma reflex\u00e3o com o t\u00edtulo \u201c<em>Projeto de pacifica\u00e7\u00e3o da \u00e1rea coreana<\/em>.\u201d Trata-se de um simp\u00f3sio que se realizar\u00e1 no Sacro Convento de Assis (It\u00e1lia), no pr\u00f3ximo dia 28 de outubro.  <a href=\"https:\/\/rk-world.org\/north-korea.aspx\" target=\"_blank\" rel=\"noopener\">Leia o comunicado original<\/a><\/p>\n","protected":false},"excerpt":{"rendered":"<p>O Movimento dos Focolares se une a todas as iniciativas de paz para que as tens\u00f5es possam ser resolvidas com o di\u00e1logo e a compreens\u00e3o rec\u00edproca. A mensagem da Rissho Kosei kai.<\/p>\n","protected":false},"author":34,"featured_media":0,"comment_status":"open","ping_status":"open","sticky":false,"template":"","format":"standard","meta":{"give_campaign_id":0,"_seopress_robots_primary_cat":"","_seopress_titles_title":"","_seopress_titles_desc":"","_seopress_robots_index":"","_et_pb_use_builder":"","_et_pb_old_content":"","_et_gb_content_width":"","footnotes":""},"categories":[129],"tags":[],"class_list":["post-315858","post","type-post","status-publish","format-standard","hentry","category-sem-categoria"],"_links":{"self":[{"href":"https:\/\/www.focolare.org\/pt-pt\/wp-json\/wp\/v2\/posts\/315858","targetHints":{"allow":["GET"]}}],"collection":[{"href":"https:\/\/www.focolare.org\/pt-pt\/wp-json\/wp\/v2\/posts"}],"about":[{"href":"https:\/\/www.focolare.org\/pt-pt\/wp-json\/wp\/v2\/types\/post"}],"author":[{"embeddable":true,"href":"https:\/\/www.focolare.org\/pt-pt\/wp-json\/wp\/v2\/users\/34"}],"replies":[{"embeddable":true,"href":"https:\/\/www.focolare.org\/pt-pt\/wp-json\/wp\/v2\/comments?post=315858"}],"version-history":[{"count":0,"href":"https:\/\/www.focolare.org\/pt-pt\/wp-json\/wp\/v2\/posts\/315858\/revisions"}],"wp:attachment":[{"href":"https:\/\/www.focolare.org\/pt-pt\/wp-json\/wp\/v2\/media?parent=315858"}],"wp:term":[{"taxonomy":"category","embeddable":true,"href":"https:\/\/www.focolare.org\/pt-pt\/wp-json\/wp\/v2\/categories?post=315858"},{"taxonomy":"post_tag","embeddable":true,"href":"https:\/\/www.focolare.org\/pt-pt\/wp-json\/wp\/v2\/tags?post=315858"}],"curies":[{"name":"wp","href":"https:\/\/api.w.org\/{rel}","templated":true}]}}