{"id":315966,"date":"2017-11-20T01:10:29","date_gmt":"2017-11-20T00:10:29","guid":{"rendered":"https:\/\/www.focolare.org\/genfest-1975-por-um-mundo-unido\/"},"modified":"2024-05-15T21:05:36","modified_gmt":"2024-05-15T19:05:36","slug":"genfest-1975-por-um-mundo-unido","status":"publish","type":"post","link":"https:\/\/www.focolare.org\/pt-pt\/genfest-1975-por-um-mundo-unido\/","title":{"rendered":"Genfest 1975: por um mundo unido"},"content":{"rendered":"<p><div id=\"attachment_158368\" style=\"width: 240px\" class=\"wp-caption alignleft\"><a href=\"https:\/\/www.focolare.org\/wp-content\/uploads\/2017\/11\/PatriziaMazzola.jpg\"><img loading=\"lazy\" decoding=\"async\" aria-describedby=\"caption-attachment-158368\" class=\"wp-image-158368 size-full\" src=\"https:\/\/www.focolare.org\/wp-content\/uploads\/2017\/11\/PatriziaMazzola.jpg\" alt=\"PatriziaMazzola\" width=\"230\" height=\"205\" \/><\/a><p id=\"caption-attachment-158368\" class=\"wp-caption-text\">Patrizia Mazzola<\/p><\/div>  <strong>Eram os anos 1970<\/strong>, marcados, na hist\u00f3ria de muitos pa\u00edses, por protestos sociais, guerras e desorienta\u00e7\u00e3o. Na minha cidade, Palermo (na Sic\u00edlia, ilha no sul da It\u00e1lia), eu frequentava o \u00faltimo ano do Instituto de Magist\u00e9rio e acompanhava a vida pol\u00edtica. Era um tempo muito escuro: uma onda de crimes mafiosos atravessava a Sic\u00edlia, jovens engajados na esquerda e na direita pol\u00edtica, durantes as greves estudantis se confrontavam muitas vezes com viol\u00eancia. A retirada dos americanos do Vietnam e a queda de Saigon deixavam apenas feridas abertas, provocadas por uma guerra absurda. Eu tamb\u00e9m, como muitos jovens, estava em busca de refer\u00eancias. Neste esp\u00edrito aceitei de boa vontade o convite de uma professora para participar do Genfest, manifesta\u00e7\u00e3o inserida no Ano Santo convocado pelo Papa Paulo VI.  <strong><a href=\"https:\/\/www.focolare.org\/wp-content\/uploads\/2017\/11\/Genfest19751.jpg\"><img loading=\"lazy\" decoding=\"async\" class=\"alignright wp-image-158388\" src=\"https:\/\/www.focolare.org\/wp-content\/uploads\/2017\/11\/Genfest19751.jpg\" alt=\"Genfest1975\" width=\"280\" height=\"266\" \/><\/a>Eu frequentava os escoteiros<\/strong>, mas n\u00e3o me parecia verdade poder experimentar algo diferente. O convite foi feito a muitos outros estudantes do meu col\u00e9gio e, no final, eu e minhas irm\u00e3s decidimos participar. No \u00faltimo instante, eu lembro, fui tentada a renunciar porque naquele ano devia fazer a prova de conclus\u00e3o da escola secund\u00e1ria. Mas, afinal, fui encorajada pelos outros e assim viajamos de Palermo, em muitos \u00f4nibus. Levava comigo o meu insepar\u00e1vel viol\u00e3o, livros de m\u00fasica e um gravador, que naquele tempo atrapalhava bastante.  <strong>Durante a viagem<\/strong> fiquei tocada pelo comportamento de algumas meninas, as <a href=\"https:\/\/www.focolare.org\/pt\/movimento-dei-focolari\/scelte-e-impegno\/gen\/\" target=\"_blank\" rel=\"noopener\">gen<\/a>, que j\u00e1 viviam a espiritualidade da unidade. Impressionavam-me as pequenas aten\u00e7\u00f5es que dirigiam a todos, o clima de harmonia e serenidade, n\u00e3o obstante a nossa exuberante vivacidade; os momentos de reflex\u00e3o depois de escutar as can\u00e7\u00f5es do Gen Rosso e do Gen Verde, que eu aprendi logo e gostava muito de tocar.  <strong><a href=\"https:\/\/www.focolare.org\/wp-content\/uploads\/2017\/11\/Genfest1975_b.jpg\"><img loading=\"lazy\" decoding=\"async\" class=\"wp-image-158357 alignleft\" src=\"https:\/\/www.focolare.org\/wp-content\/uploads\/2017\/11\/Genfest1975_b.jpg\" alt=\"Genfest1975_b\" width=\"261\" height=\"228\" \/><\/a><\/strong><strong>Era o dia 1\u00ba de mar\u00e7o de 1975<\/strong>. O impacto no Pal\u00e1cio dos Esportes romano, com 20 mil jovens provenientes dos cinco continentes, foi potente. Imediatamente experimentei a for\u00e7a do Evangelho vivido. Por exemplo, era a primeira vez que compartilhava aquilo que fazia com quem estava sentado ao meu lado, fazendo a experi\u00eancia de viver como irm\u00e3os. O meu sonho, ver um mundo de paz, um mundo unido, estava ali. J\u00e1 realizado. Eu estava maravilhada, impressionada pelos testemunhos, quase n\u00e3o acreditava nos meus olhos que tudo aquilo fosse poss\u00edvel. <strong>Eu escutava as hist\u00f3rias contadas no palco<\/strong>. A de dois jovens da <a href=\"https:\/\/www.focolare.org\/pt\/focolare-worldwide\/africa\/sud-africa\/\" target=\"_blank\" rel=\"noopener\">\u00c1frica do Sul<\/a>, quando o <em>apartheid<\/em> ainda n\u00e3o havia sido vencido, ou de um grupo de Belfast (<a href=\"https:\/\/www.focolare.org\/pt\/focolare-worldwide\/europa\/irlanda\/\" target=\"_blank\" rel=\"noopener\">Irlanda do Norte<\/a>), cidade que ainda era teatro de guerra e divis\u00e3o religiosa e pol\u00edtica. Eram sinais de que, se nos comprometemos de verdade, podemos realizar a paz l\u00e1 onde vivemos.  <strong><a href=\"https:\/\/www.focolare.org\/wp-content\/uploads\/2017\/11\/Genfest1975_a.jpg\"><img loading=\"lazy\" decoding=\"async\" class=\"alignright wp-image-158358\" src=\"https:\/\/www.focolare.org\/wp-content\/uploads\/2017\/11\/Genfest1975_a.jpg\" alt=\"Genfest1975_a\" width=\"280\" height=\"214\" \/><\/a>No dia seguinte est\u00e1vamos todos na Bas\u00edlica de S\u00e3o Pedro<\/strong>, onde <a href=\"https:\/\/www.focolare.org\/pt\/chiara-lubich\/\" target=\"_blank\" rel=\"noopener\">Chiara Lubich<\/a> nos apresentou ao Santo Padre. No ofert\u00f3rio, 12 jovens, representando todos, subiram, com Chiara, at\u00e9 ao altar. Lembro-me de um aplauso intermin\u00e1vel. No Angelus, na Pra\u00e7a de S\u00e3o Pedro, o Papa saudou-nos com palavras que nos encorajavam a ir adiante: \u00ab<em>Nesta manh\u00e3 tivemos, ao redor do altar, vinte mil fieis, os jovens GEN \u2013 Gera\u00e7\u00e3o Nova \u2013 provenientes do mundo inteiro. <\/em><em>Uma comovente beleza. Agrade\u00e7amos a Deus e retomemos coragem. <\/em><em>Nasce um mundo novo, o mundo crist\u00e3o da f\u00e9 e da caridade<\/em>\u00bb.  Verdadeiramente havia come\u00e7ado um mundo novo. Para mim o in\u00edcio de uma nova vida.  <em>Patrizia Mazzola<\/em><\/p>\n","protected":false},"excerpt":{"rendered":"<p><a href=\"http:\/\/y4uw.org\/events\/genfest-2018\/\"><img loading=\"lazy\" decoding=\"async\" class=\"alignleft wp-image-154777\" src=\"https:\/\/www.focolare.org\/wp-content\/uploads\/2017\/07\/Logo-Genfest.jpg\" alt=\"Logo Genfest\" width=\"48\" height=\"48\" \/><\/a> O depoimento de quem estava presente no Genfest de 1975, em Roma, concomitante ao Ano Santo. Vinte mil jovens dos cinco continentes reunidos no PalaEur. Chiara Lubich os apresenta a Paulo VI: \u201cNasce um mundo novo\u201d.<\/p>\n","protected":false},"author":34,"featured_media":0,"comment_status":"open","ping_status":"open","sticky":false,"template":"","format":"standard","meta":{"give_campaign_id":0,"_seopress_robots_primary_cat":"","_seopress_titles_title":"","_seopress_titles_desc":"","_seopress_robots_index":"","_et_pb_use_builder":"","_et_pb_old_content":"","_et_gb_content_width":"","footnotes":""},"categories":[909],"tags":[1794],"class_list":["post-315966","post","type-post","status-publish","format-standard","hentry","category-focolare-worldwide-2-4","tag-genfest_history-4"],"_links":{"self":[{"href":"https:\/\/www.focolare.org\/pt-pt\/wp-json\/wp\/v2\/posts\/315966","targetHints":{"allow":["GET"]}}],"collection":[{"href":"https:\/\/www.focolare.org\/pt-pt\/wp-json\/wp\/v2\/posts"}],"about":[{"href":"https:\/\/www.focolare.org\/pt-pt\/wp-json\/wp\/v2\/types\/post"}],"author":[{"embeddable":true,"href":"https:\/\/www.focolare.org\/pt-pt\/wp-json\/wp\/v2\/users\/34"}],"replies":[{"embeddable":true,"href":"https:\/\/www.focolare.org\/pt-pt\/wp-json\/wp\/v2\/comments?post=315966"}],"version-history":[{"count":0,"href":"https:\/\/www.focolare.org\/pt-pt\/wp-json\/wp\/v2\/posts\/315966\/revisions"}],"wp:attachment":[{"href":"https:\/\/www.focolare.org\/pt-pt\/wp-json\/wp\/v2\/media?parent=315966"}],"wp:term":[{"taxonomy":"category","embeddable":true,"href":"https:\/\/www.focolare.org\/pt-pt\/wp-json\/wp\/v2\/categories?post=315966"},{"taxonomy":"post_tag","embeddable":true,"href":"https:\/\/www.focolare.org\/pt-pt\/wp-json\/wp\/v2\/tags?post=315966"}],"curies":[{"name":"wp","href":"https:\/\/api.w.org\/{rel}","templated":true}]}}