{"id":315986,"date":"2017-11-27T01:10:35","date_gmt":"2017-11-27T00:10:35","guid":{"rendered":"https:\/\/www.focolare.org\/as-igrejas-juntas-ao-encontro-da-humanidade\/"},"modified":"2024-05-15T21:05:39","modified_gmt":"2024-05-15T19:05:39","slug":"as-igrejas-juntas-ao-encontro-da-humanidade","status":"publish","type":"post","link":"https:\/\/www.focolare.org\/pt-pt\/as-igrejas-juntas-ao-encontro-da-humanidade\/","title":{"rendered":"As Igrejas juntas, ao encontro da humanidade"},"content":{"rendered":"<p><strong><a href=\"https:\/\/www.focolare.org\/wp-content\/uploads\/2017\/11\/P1320242.jpg\"><img loading=\"lazy\" decoding=\"async\" class=\"alignright wp-image-158648\" src=\"https:\/\/www.focolare.org\/wp-content\/uploads\/2017\/11\/P1320242.jpg\" alt=\"P1320242\" width=\"386\" height=\"217\" \/><\/a>Pela primeira vez, ap\u00f3s 36 anos, a<\/strong> <a href=\"https:\/\/www.focolare.org\/pt\/focolare-worldwide\/europa\/polonia\/\" target=\"_blank\" rel=\"noopener\">Pol\u00f4nia <\/a>foi o pa\u00eds h\u00f3spede do anual Encontro Ecum\u00eanico de <a href=\"https:\/\/www.focolare.org\/pt\/movimento-dei-focolari\/scelte-e-impegno\/vescovi\/\" target=\"_blank\" rel=\"noopener\">Bispos amigos do Movimento dos Focolares<\/a>.  Depois de Jerusal\u00e9m, Istambul, Londres, Augsburg e outras cidades \u201cs\u00edmbolo\u201d do caminho ecum\u00eanico, Katowice, capital de Sil\u00e9sia, antigo centro urbano de quase 300 mil habitantes, recebeu, de 15 a 18 de novembro, 35 bispos de v\u00e1rias Igrejas, ortodoxos, s\u00edrio-ortodoxos, evang\u00e9lico-luteranos, anglicanos, metodistas e cat\u00f3licos, provenientes da Alemanha, \u00c1ustria, Inglaterra, Irlanda, Su\u00e9cia, Pol\u00f4nia, Hungria, Litu\u00e2nia, Let\u00f4nia, Rep\u00fablica Tcheca, mas tamb\u00e9m Brasil, Chipre, \u00cdndia, Rep\u00fablica Democr\u00e1tica do Congo, Tail\u00e2ndia e Estados Unidos.  <strong>Com eles estavam tamb\u00e9m cerca de 30 leigos<\/strong>. Os bispos reunidos em Katowice representam um conjunto de comunidades sociais e eclesiais diferentes, mas animadas pelo desejo de fazer uma experi\u00eancia de comunh\u00e3o fraterna.  <strong>\u201c<i><span lang=\"PT-BR\">Juntos confessamos e juntos vamos ao encontro da humanidade<\/span><\/i>\u201d, t\u00edtulo do<\/strong> <a href=\"https:\/\/www.focolare.org\/pt\/press\/files\/2017\/11\/20171114-18_ConvegnoEcumenico_VescoviAmiciFocolari_CS.pdf\" target=\"_blank\" rel=\"noopener\">\u00a0Congresso<\/a>, cuja realiza\u00e7\u00e3o teve a colabora\u00e7\u00e3o n\u00e3o s\u00f3 do <a href=\"https:\/\/www.focolare.org\/pt\/chi-siamo\/\" target=\"_blank\" rel=\"noopener\">Movimento dos Focolares<\/a>, mas tamb\u00e9m, localmente, da Arquidiocese cat\u00f3lica e da Igreja evang\u00e9lico-luterana de Confiss\u00e3o Augustana, a Igreja ortodoxa de Sosnowiec, a Faculdade de Teologia da Universidade da Sil\u00e9sia e a pr\u00f3pria cidade de Katowice, representada pelo prefeito, Marcin Krupa.  <strong>O Congresso, aberto por uma reflex\u00e3o de<\/strong> Lesley Ellison, anglicana, sobre <em>\u201cA espiritualidade da unidade: uma espiritualidade ecum\u00eanica\u201d<\/em> teve como tema central \u201c<em>Maria, a M\u00e3e de Jesus<\/em>\u201d, com aprofundamentos teol\u00f3gicos nas v\u00e1rias perspectivas, cat\u00f3lica, evang\u00e9lica, anglicana e ortodoxa. Numerosos os encontros, as celebra\u00e7\u00f5es e momentos de ora\u00e7\u00e3o segundo as diferentes tradi\u00e7\u00f5es, selados por um \u201cpacto de amor m\u00fatuo\u201d para viver a comunh\u00e3o fraterna e \u201camar a Igreja do outro como a pr\u00f3pria\u201d.  <strong><a href=\"https:\/\/www.focolare.org\/wp-content\/uploads\/2017\/11\/P1320292.jpg\"><img loading=\"lazy\" decoding=\"async\" class=\"wp-image-158649 alignright\" src=\"https:\/\/www.focolare.org\/wp-content\/uploads\/2017\/11\/P1320292.jpg\" alt=\"P1320292\" width=\"386\" height=\"217\" \/><\/a>Brendan Leahly<\/strong> \u00e9 o bispo cat\u00f3lico de Limerick (<a href=\"https:\/\/www.focolare.org\/pt\/focolare-worldwide\/europa\/irlanda\/\" target=\"_blank\" rel=\"noopener\">Irlanda<\/a>), especialista e animador do di\u00e1logo ecum\u00eanico em seu pa\u00eds. <strong>Por telefone ele nos disse<\/strong>: \u00abQuero salientar a acolhida calorosa recebida em Katovice, que j\u00e1 havia visitado em 1991, por ocasi\u00e3o do encontro de <a href=\"https:\/\/www.focolare.org\/pt\/chiara-lubich\/\" target=\"_blank\" rel=\"noopener\">Chiara Lubich<\/a> \u00a0com as comunidades dos focolares do oeste e leste da Europa. \u00c9 uma cidade muito desenvolvida, que d\u00e1 muito valor \u00e0 diversidade e \u00e0 acolhida. A mesma que experimentamos nestes dias, seja por parte da Faculdade teol\u00f3gica, que nos hospedou, seja por parte das Igrejas cat\u00f3lica, luterana e ortodoxa. O Congresso foi a ocasi\u00e3o para um maior conhecimento rec\u00edproco, para aprofundar as diferentes realidades eclesiais e socioculturais nas quais vivemos , especialmente no Oriente M\u00e9dio e no leste da Europa. Percebemos que n\u00e3o podemos oferecer solu\u00e7\u00f5es para os problemas daqueles pa\u00edses (refiro-me especialmente ao Oriente M\u00e9dio), por\u00e9m podemos ao menos carregar os pesos uns dos outros. Sentir o sofrimento dos outros alargou a minha alma. <strong>Agora n\u00e3o me sinto mais um bispo irland\u00eas<\/strong>, mas trago em mim tamb\u00e9m o contexto e os problemas dos outros bispos. Mas com uma esperan\u00e7a nova. Em cada pa\u00eds existem sinais de esperan\u00e7a e os passos realizados no \u00e2mbito ecum\u00eanico o demonstram. Por exemplo, na Rep\u00fablica Tcheca est\u00e1 em andamento um processo de perd\u00e3o rec\u00edproco pelos erros cometidos. O ecumenismo \u2013 <strong>continua o bispo<\/strong> \u2013 \u00e9 uma realidade em caminho a muitos anos, que quer encontrar contextos sempre novos e dar um novo testemunho. No fundo \u00e9 uma experi\u00eancia de dar e receber. \u00c9 tocante a forte f\u00e9 cat\u00f3lica, muito enraizada aqui na Pol\u00f4nia, mas tamb\u00e9m a abertura e o di\u00e1logo com os representantes das outras comunidades\u00bb.  <strong><a href=\"https:\/\/www.focolare.org\/wp-content\/uploads\/2017\/11\/P1320495.jpg\"><img loading=\"lazy\" decoding=\"async\" class=\"alignright wp-image-158652\" src=\"https:\/\/www.focolare.org\/wp-content\/uploads\/2017\/11\/P1320495.jpg\" alt=\"P1320495\" width=\"368\" height=\"276\" \/><\/a>Ake Bonnier<\/strong>, bispo luterano da diocese de Skara, na <a href=\"https:\/\/www.focolare.org\/pt\/focolare-worldwide\/europa\/svezia\/\" target=\"_blank\" rel=\"noopener\">Su\u00e9cia<\/a>, diz-se feliz com o encontro: <strong>\u00abN\u00e3o \u00e9ramos bispos, mas irm\u00e3os<\/strong>. O que compartilhamos no encontro era uma realidade, seja nos momentos de pausa e nos intervalos, seja durantes a celebra\u00e7\u00f5es. Isso foi muito importante para mim, deu-me nova for\u00e7a e entusiasmo. <strong>Agora aguardo, com alegria, o pr\u00f3ximo ano<\/strong>, quando, espero, todo eles e tamb\u00e9m outros poder\u00e3o vir \u00e0 Su\u00e9cia. Se me perguntam se este encontro foi importante para a unidade dos crist\u00e3os a minha resposta \u00e9 sim. <strong>A unidade n\u00e3o \u00e9 algo que se realizar\u00e1 apenas no futuro, entre n\u00f3s j\u00e1 \u00e9 uma realidade\u00bb. <\/strong><\/p>\n","protected":false},"excerpt":{"rendered":"<p>Trinta e cinco bispos amigos dos Focolares, pertencentes a v\u00e1rias Igrejas, encontraram-se em Katowice, na Pol\u00f4nia, de 15 a 18 de novembro. Os coment\u00e1rios de Brendan Leahy, cat\u00f3lico, e Ake Bonnier, luterano.<\/p>\n","protected":false},"author":34,"featured_media":0,"comment_status":"open","ping_status":"open","sticky":false,"template":"","format":"standard","meta":{"give_campaign_id":0,"_seopress_robots_primary_cat":"","_seopress_titles_title":"","_seopress_titles_desc":"","_seopress_robots_index":"","_et_pb_use_builder":"","_et_pb_old_content":"","_et_gb_content_width":"","footnotes":""},"categories":[909],"tags":[],"class_list":["post-315986","post","type-post","status-publish","format-standard","hentry","category-focolare-worldwide-2-4"],"_links":{"self":[{"href":"https:\/\/www.focolare.org\/pt-pt\/wp-json\/wp\/v2\/posts\/315986","targetHints":{"allow":["GET"]}}],"collection":[{"href":"https:\/\/www.focolare.org\/pt-pt\/wp-json\/wp\/v2\/posts"}],"about":[{"href":"https:\/\/www.focolare.org\/pt-pt\/wp-json\/wp\/v2\/types\/post"}],"author":[{"embeddable":true,"href":"https:\/\/www.focolare.org\/pt-pt\/wp-json\/wp\/v2\/users\/34"}],"replies":[{"embeddable":true,"href":"https:\/\/www.focolare.org\/pt-pt\/wp-json\/wp\/v2\/comments?post=315986"}],"version-history":[{"count":0,"href":"https:\/\/www.focolare.org\/pt-pt\/wp-json\/wp\/v2\/posts\/315986\/revisions"}],"wp:attachment":[{"href":"https:\/\/www.focolare.org\/pt-pt\/wp-json\/wp\/v2\/media?parent=315986"}],"wp:term":[{"taxonomy":"category","embeddable":true,"href":"https:\/\/www.focolare.org\/pt-pt\/wp-json\/wp\/v2\/categories?post=315986"},{"taxonomy":"post_tag","embeddable":true,"href":"https:\/\/www.focolare.org\/pt-pt\/wp-json\/wp\/v2\/tags?post=315986"}],"curies":[{"name":"wp","href":"https:\/\/api.w.org\/{rel}","templated":true}]}}