{"id":315988,"date":"2017-11-28T01:10:18","date_gmt":"2017-11-28T00:10:18","guid":{"rendered":"https:\/\/www.focolare.org\/maria-voce-no-dialogo-e-preciso-arriscar\/"},"modified":"2024-05-15T21:05:40","modified_gmt":"2024-05-15T19:05:40","slug":"maria-voce-no-dialogo-e-preciso-arriscar","status":"publish","type":"post","link":"https:\/\/www.focolare.org\/pt-pt\/maria-voce-no-dialogo-e-preciso-arriscar\/","title":{"rendered":"Maria Voce: \u00abNo di\u00e1logo \u00e9 preciso arriscar\u00bb"},"content":{"rendered":"<p><strong><a href=\"http:\/\/www.alfayomega.es\/documentos\/anteriores\/1044_26-X-2017.pdf\"><img loading=\"lazy\" decoding=\"async\" class=\"alignleft wp-image-158622\" src=\"https:\/\/www.focolare.org\/wp-content\/uploads\/2017\/11\/Alpha_Omega_cover.jpg\" alt=\"Alpha_Omega_cover\" width=\"233\" height=\"318\" \/><\/a>A palavra-chave \u00e9 caminho.<\/strong> Porque \u00aba verdade se busca caminhando\u00bb. <a href=\"https:\/\/www.focolare.org\/pt\/news\/2014\/09\/15\/maria-voce\/\" target=\"_blank\" rel=\"noopener\"><em>Emmaus<\/em><\/a>, como \u00e9 chamada pelos seus amigos do Movimento, se entusiasma quando descreve a vis\u00e3o de Papa Bergoglio sobre o ecumenismo. Os seus olhos brilham diante de uma realidade eclesial cuja voca\u00e7\u00e3o \u00e9 justamente a unidade. Nos percursos tra\u00e7ados pela sua fundadora, <a href=\"https:\/\/www.focolare.org\/pt\/chiara-lubich\/\" target=\"_blank\" rel=\"noopener\">Chiara Lubich<\/a>. Um dos pouqu\u00edssimos movimentos, nascidos no seio da Igreja cat\u00f3lica, que aceita como <a href=\"https:\/\/www.focolare.org\/pt\/in-dialogo\/chiese-cristiane\/\" target=\"_blank\" rel=\"noopener\">membros tamb\u00e9m fi\u00e9is de outras Igrejas<\/a>. Uma verdadeira raridade em tempos de fragmenta\u00e7\u00e3o.  \u00ab<strong>Penso que o catolicismo verdadeiro \u00e9 aquele que Deus <\/strong><strong>pens<\/strong><strong>a<\/strong>, um conjunto de comunidades cada uma com a pr\u00f3pria identidade. Penso que conseguiremos, porque \u00e9 necess\u00e1rio, realizar o \u201cque todos sejam um\u201d, que Jesus pediu. N\u00e3o uma s\u00f3 Igreja cat\u00f3lica; cat\u00f3lica no sentido de universal sim, mas n\u00e3o uma s\u00f3 Igreja romana ou uma \u00fanica Igreja de Constantinopla\u00bb. <strong>As suas palavras ressoam como uma provoca\u00e7\u00e3o<\/strong>. \u00abCerto que \u00e9 provocat\u00f3rio!\u00bb ela responde. Na sua \u00abprovoca\u00e7\u00e3o\u00bb parece sentir-se confirmada pelo Papa argentino. Por ocasi\u00e3o da \u00faltima vig\u00edlia de\u00a0 Pentecostes, dia 3 de junho passado, o Pont\u00edfice convocou os movimentos carism\u00e1ticos, cat\u00f3licos e n\u00e3o cat\u00f3licos. Antes de come\u00e7ar, o Papa perguntou onde estava Maria Voce. Um sacerdote foi procur\u00e1-la. Ela se acrescentou ao grupo dos l\u00edderes presentes no palco. No final do seu discurso o Papa se aproximou dela e, para a sua grande surpresa, a pegou pela m\u00e3o e disse: \u00abVenha, Maria\u2026\u00bb. N\u00e3o disse mais nada. Deixaram juntos a assembleia. \u00abDesde o primeiro momento, quando o Papa apareceu no balc\u00e3o para saudar a multid\u00e3o e se apresentou como Bispo e como Pont\u00edfice, eu entendi que j\u00e1 era um sinal desta capacidade de relacionar-se com as outras Igrejas\u00bb.  <strong>Jorge Mario Bergoglio \u2013 recorda Voce \u2013 viveu uma experi\u00eancia ecum\u00eanica com outras Igrejas em Buenos Aires.<\/strong> Nesse passado Maria Voce identifica a semente do que aconteceu depois, durante o pontificado, chegando \u00e0 sua m\u00e1xima express\u00e3o com a presen\u00e7a do Papa, h\u00e1 quase um ano, na celebra\u00e7\u00e3o do quinto centen\u00e1rio da Reforma protestante de Martinho Lutero em Lund (Su\u00e9cia). \u00abEm Lund aconteceu uma coisa enorme, dois chefes de Igreja, do mesmo n\u00edvel como autoridade, se encontraram, assinaram uma declara\u00e7\u00e3o\u00bb. O desafio \u00e9 aquele de reiterar a atitude do Papa e unir-se ao \u00abesp\u00edrito de Lund\u00bb. \u00abSe Jo\u00e3o Paulo II ser\u00e1 sempre recordado pelo \u201ce<em>sp\u00edrito de Assis\u201d<\/em>, o Papa atual deve ser recordado pelo <em>\u201cesp\u00edrito de Lund<\/em>\u201d\u00bb.  <strong><a href=\"https:\/\/www.focolare.org\/wp-content\/uploads\/2017\/11\/Alpha_Omega_MariaVoce_ecumenism.jpg\"><img loading=\"lazy\" decoding=\"async\" class=\"wp-image-158621 alignright\" src=\"https:\/\/www.focolare.org\/wp-content\/uploads\/2017\/11\/Alpha_Omega_MariaVoce_ecumenism.jpg\" alt=\"Alpha_Omega_MariaVoce_ecumenism\" width=\"368\" height=\"295\" \/><\/a>Este otimismo tem limita\u00e7\u00f5es. <\/strong>Maria Voce reconhece que, \u00abinfelizmente\u00bb, existem ainda comportamentos do passado entre os cat\u00f3licos. Pessoas que pensam que \u00aba Igreja somos n\u00f3s\u00bb e todos os outros est\u00e3o fora. Uma atitude perpetuada no tempo e que dificultou o caminho espiritual. \u00abDesaceleramos a hist\u00f3ria. N\u00e3o ca\u00edmos num imobilismo em sentido concreto, mas talvez, por medo, tenhamos desacelerado os processos hist\u00f3ricos. N\u00e3o diria que foi a Igreja inteira que o fez, mas muitos dos seus membros\u00bb. \u00abSomos irm\u00e3os, ligados pelo Batismo; tamb\u00e9m eles vivem o mesmo Evangelho que eu vivo. Quem sou eu para dizer que ele vale menos do que eu diante de Deus? O Papa est\u00e1 dando um grande impulso neste sentido\u00bb.  <strong>Como proceder? Para Maria Voce, de muitas maneiras.<\/strong> Uma delas \u00e9 avaliar os grandes personagens da hist\u00f3ria das Igrejas, como Lutero; apreciar o mart\u00edrio dos crist\u00e3os que oferecem a sua vida independentemente da Igreja a que pertencem, e procurar formas para exprimir a pr\u00f3pria f\u00e9 em modos \u00abmais aceit\u00e1veis para todos\u00bb. Mas, sobretudo, viver concretamente o que compartilhamos da f\u00e9. Porque a nova etapa do di\u00e1logo, promovida por Francisco, se realiza caminhando, n\u00e3o ficando parados. A aposta comporta riscos. Um deles \u00e9 a falta de forma\u00e7\u00e3o. Como l\u00edder de um movimento amplamente difundido e com ra\u00edzes no mundo inteiro, Voce constata uma evidente lacuna na catequese dos cat\u00f3licos. \u00ab\u00c9 bom estar atentos \u00e0 forma\u00e7\u00e3o, mas \u00e9 preciso arriscar. Sem arriscarmos n\u00e3o vamos para frente. Este \u00e9 o extraordin\u00e1rio caminho do ecumenismo que o Papa est\u00e1 levando adiante. N\u00f3s sentimos que devemos ajud\u00e1-lo para que o ecumenismo se torne vital, concreto\u00bb.  <strong>N\u00e3o se trata de criar confus\u00e3o<\/strong>, ou de perder a pr\u00f3pria identidade. Mas de partilhar os momentos, tamb\u00e9m as cerim\u00f4nias lit\u00fargicas, evitando misturar as coisas, aumentando a voz da ora\u00e7\u00e3o em comum. Por isso salienta: \u00abNeste caminho temos que fazer ainda alguma coisa? Enquanto houver no mundo lugares onde os crist\u00e3os se combatem entre eles, buscam prevalecer uns sobre os outros ou est\u00e3o divididos, temos muito a fazer\u00bb.  &nbsp;<\/p>\n","protected":false},"excerpt":{"rendered":"<p>O di\u00e1logo entre crist\u00e3os n\u00e3o \u00e9 f\u00e1cil, mas \u00e9 preciso arriscar. Para Maria Voce alguns muros divi-dem, mas \u00e9 preciso escal\u00e1-los. Alguns trechos da entrevista a Andr\u00e9s Beltramo \u00c1lvarez, para a revista espanhola \u201cAlfa y Omega\u201d.<\/p>\n","protected":false},"author":34,"featured_media":0,"comment_status":"open","ping_status":"open","sticky":false,"template":"","format":"standard","meta":{"give_campaign_id":0,"_seopress_robots_primary_cat":"","_seopress_titles_title":"","_seopress_titles_desc":"","_seopress_robots_index":"","_et_pb_use_builder":"","_et_pb_old_content":"","_et_gb_content_width":"","footnotes":""},"categories":[129],"tags":[],"class_list":["post-315988","post","type-post","status-publish","format-standard","hentry","category-sem-categoria"],"_links":{"self":[{"href":"https:\/\/www.focolare.org\/pt-pt\/wp-json\/wp\/v2\/posts\/315988","targetHints":{"allow":["GET"]}}],"collection":[{"href":"https:\/\/www.focolare.org\/pt-pt\/wp-json\/wp\/v2\/posts"}],"about":[{"href":"https:\/\/www.focolare.org\/pt-pt\/wp-json\/wp\/v2\/types\/post"}],"author":[{"embeddable":true,"href":"https:\/\/www.focolare.org\/pt-pt\/wp-json\/wp\/v2\/users\/34"}],"replies":[{"embeddable":true,"href":"https:\/\/www.focolare.org\/pt-pt\/wp-json\/wp\/v2\/comments?post=315988"}],"version-history":[{"count":0,"href":"https:\/\/www.focolare.org\/pt-pt\/wp-json\/wp\/v2\/posts\/315988\/revisions"}],"wp:attachment":[{"href":"https:\/\/www.focolare.org\/pt-pt\/wp-json\/wp\/v2\/media?parent=315988"}],"wp:term":[{"taxonomy":"category","embeddable":true,"href":"https:\/\/www.focolare.org\/pt-pt\/wp-json\/wp\/v2\/categories?post=315988"},{"taxonomy":"post_tag","embeddable":true,"href":"https:\/\/www.focolare.org\/pt-pt\/wp-json\/wp\/v2\/tags?post=315988"}],"curies":[{"name":"wp","href":"https:\/\/api.w.org\/{rel}","templated":true}]}}