{"id":316022,"date":"2017-12-10T01:10:50","date_gmt":"2017-12-10T00:10:50","guid":{"rendered":"https:\/\/www.focolare.org\/dia-mundial-dos-direitos-humanos\/"},"modified":"2024-05-15T21:05:45","modified_gmt":"2024-05-15T19:05:45","slug":"dia-mundial-dos-direitos-humanos","status":"publish","type":"post","link":"https:\/\/www.focolare.org\/pt-pt\/dia-mundial-dos-direitos-humanos\/","title":{"rendered":"Dia mundial dos Direitos humanos"},"content":{"rendered":"<p>No dia 10 de dezembro de 1948 foi proclamada a Declara\u00e7\u00e3o universal dos Direitos humanos.  Desde ent\u00e3o, todos os anos, no mesmo dia, se recorda tal Declara\u00e7\u00e3o, elaborada pela Comiss\u00e3o para os direitos humanos, \u00f3rg\u00e3o da ONU, presidida na \u00e9poca por Eleanor Roosevelt, mulher do presidente dos Estados Unidos da Am\u00e9rica, Franklin D. Roosevelt, para chamar a aten\u00e7\u00e3o de todos sobre a import\u00e2ncia e a defesa da dignidade da pessoa.  O documento constitui uma esp\u00e9cie de interrup\u00e7\u00e3o entre a \u00e9poca precedente a 1948, em que a indigna\u00e7\u00e3o pelas iniquidades no mundo era confiada a alguma interven\u00e7\u00e3o espor\u00e1dica, e a sucessiva, em que era firmemente reconhecida, pela primeira vez, a necessidade de combater as desigualdades, em todos os Estados do mundo.  Reconhecendo a validade de tal Carta e aplicando ao p\u00e9 da letra os seus 30 artigos, muitos aspectos desviados da nossa sociedade desapareceriam: escravid\u00e3o, tortura, guerra, racismo, viol\u00eancia de g\u00eanero, maus tratos sobre os menores, explora\u00e7\u00e3o do homem pelo homem, mas tamb\u00e9m depauperamento, abuso e polui\u00e7\u00e3o das reservas ambientais.<\/p>\n","protected":false},"excerpt":{"rendered":"<p>No dia 10 de dezembro de 1948 foi proclamada a Declara\u00e7\u00e3o universal dos Direitos humanos. Desde ent\u00e3o, todos os anos, no mesmo dia, se recorda tal Declara\u00e7\u00e3o, elaborada pela Comiss\u00e3o para os direitos humanos, \u00f3rg\u00e3o da ONU, presidida na \u00e9poca por Eleanor Roosevelt, mulher do presidente dos Estados Unidos da Am\u00e9rica, Franklin D. Roosevelt, para [&hellip;]<\/p>\n","protected":false},"author":34,"featured_media":0,"comment_status":"open","ping_status":"open","sticky":false,"template":"","format":"standard","meta":{"give_campaign_id":0,"_seopress_robots_primary_cat":"","_seopress_titles_title":"","_seopress_titles_desc":"","_seopress_robots_index":"","_et_pb_use_builder":"","_et_pb_old_content":"","_et_gb_content_width":"","footnotes":""},"categories":[129],"tags":[],"class_list":["post-316022","post","type-post","status-publish","format-standard","hentry","category-sem-categoria"],"_links":{"self":[{"href":"https:\/\/www.focolare.org\/pt-pt\/wp-json\/wp\/v2\/posts\/316022","targetHints":{"allow":["GET"]}}],"collection":[{"href":"https:\/\/www.focolare.org\/pt-pt\/wp-json\/wp\/v2\/posts"}],"about":[{"href":"https:\/\/www.focolare.org\/pt-pt\/wp-json\/wp\/v2\/types\/post"}],"author":[{"embeddable":true,"href":"https:\/\/www.focolare.org\/pt-pt\/wp-json\/wp\/v2\/users\/34"}],"replies":[{"embeddable":true,"href":"https:\/\/www.focolare.org\/pt-pt\/wp-json\/wp\/v2\/comments?post=316022"}],"version-history":[{"count":0,"href":"https:\/\/www.focolare.org\/pt-pt\/wp-json\/wp\/v2\/posts\/316022\/revisions"}],"wp:attachment":[{"href":"https:\/\/www.focolare.org\/pt-pt\/wp-json\/wp\/v2\/media?parent=316022"}],"wp:term":[{"taxonomy":"category","embeddable":true,"href":"https:\/\/www.focolare.org\/pt-pt\/wp-json\/wp\/v2\/categories?post=316022"},{"taxonomy":"post_tag","embeddable":true,"href":"https:\/\/www.focolare.org\/pt-pt\/wp-json\/wp\/v2\/tags?post=316022"}],"curies":[{"name":"wp","href":"https:\/\/api.w.org\/{rel}","templated":true}]}}