{"id":316042,"date":"2017-12-17T02:10:17","date_gmt":"2017-12-17T01:10:17","guid":{"rendered":"https:\/\/www.focolare.org\/papa-francisco-faz-81-anos\/"},"modified":"2024-05-15T21:05:48","modified_gmt":"2024-05-15T19:05:48","slug":"papa-francisco-faz-81-anos","status":"publish","type":"post","link":"https:\/\/www.focolare.org\/pt-pt\/papa-francisco-faz-81-anos\/","title":{"rendered":"Papa Francisco faz 81 anos"},"content":{"rendered":"<p><strong>Domingo 17 de dezembro, Francisco faz 81 anos<\/strong>, gozando de boa sa\u00fade e realizando o seu trabalho com grande intesidade. Como sabemos, regressou h\u00e1 pouco de uma viagem muito empenhativa a Myanmar e ao Bangladesh e j\u00e1 se prepara para a sua vig\u00e9ssima segunda viagem, no pr\u00f3ximo m\u00eas de janeiro, desta vez ao Chile e ao Per\u00fa.<strong> <\/strong>  <strong>H\u00e1 um ano, no seu 80\u00ba anivers\u00e1rio, confidenciava<\/strong>: \u00abDesde h\u00e1 alguns dias que me vem \u00e0 mente uma palavra que pode soar mal: velhice. Assusta! Pelo menos mete um pouco de medo. Mas quando se olha para ela como uma etapa da vida que serve para dar alegria, sabedoria, esperan\u00e7a, ent\u00e3o recome\u00e7a-se a viver\u00bb.<strong> <\/strong>  <strong>Com imensa gratid\u00e3o<\/strong> pelo dom da sua vida, toda ela orientada para o amor a Deus e \u00e0s pessoas, com uma prelile\u00e7\u00e3o muito especial pelos mais fracos e pelos marginalizados, apresentamos os mais sinceros parab\u00e9ns ao Papa Francisco. Asseguramos-lhe a nossa ora\u00e7\u00e3o quotidiana, ao mesmo tempo que pedimos ao Esp\u00edrito Santo que lhe d\u00ea muita for\u00e7a e luz para levar por diante, com serenidade, a sua pesada tarefa, para a alegria de todos.<\/p>\n","protected":false},"excerpt":{"rendered":"<p>Domingo 17 de dezembro, Francisco faz 81 anos, gozando de boa sa\u00fade e realizando o seu trabalho com grande intesidade. Como sabemos, regressou h\u00e1 pouco de uma viagem muito empenhativa a Myanmar e ao Bangladesh e j\u00e1 se prepara para a sua vig\u00e9ssima segunda viagem, no pr\u00f3ximo m\u00eas de janeiro, desta vez ao Chile e [&hellip;]<\/p>\n","protected":false},"author":34,"featured_media":0,"comment_status":"open","ping_status":"open","sticky":false,"template":"","format":"standard","meta":{"give_campaign_id":0,"_seopress_robots_primary_cat":"","_seopress_titles_title":"","_seopress_titles_desc":"","_seopress_robots_index":"","_et_pb_use_builder":"","_et_pb_old_content":"","_et_gb_content_width":"","footnotes":""},"categories":[129],"tags":[],"class_list":["post-316042","post","type-post","status-publish","format-standard","hentry","category-sem-categoria"],"_links":{"self":[{"href":"https:\/\/www.focolare.org\/pt-pt\/wp-json\/wp\/v2\/posts\/316042","targetHints":{"allow":["GET"]}}],"collection":[{"href":"https:\/\/www.focolare.org\/pt-pt\/wp-json\/wp\/v2\/posts"}],"about":[{"href":"https:\/\/www.focolare.org\/pt-pt\/wp-json\/wp\/v2\/types\/post"}],"author":[{"embeddable":true,"href":"https:\/\/www.focolare.org\/pt-pt\/wp-json\/wp\/v2\/users\/34"}],"replies":[{"embeddable":true,"href":"https:\/\/www.focolare.org\/pt-pt\/wp-json\/wp\/v2\/comments?post=316042"}],"version-history":[{"count":0,"href":"https:\/\/www.focolare.org\/pt-pt\/wp-json\/wp\/v2\/posts\/316042\/revisions"}],"wp:attachment":[{"href":"https:\/\/www.focolare.org\/pt-pt\/wp-json\/wp\/v2\/media?parent=316042"}],"wp:term":[{"taxonomy":"category","embeddable":true,"href":"https:\/\/www.focolare.org\/pt-pt\/wp-json\/wp\/v2\/categories?post=316042"},{"taxonomy":"post_tag","embeddable":true,"href":"https:\/\/www.focolare.org\/pt-pt\/wp-json\/wp\/v2\/tags?post=316042"}],"curies":[{"name":"wp","href":"https:\/\/api.w.org\/{rel}","templated":true}]}}