{"id":316086,"date":"2018-01-08T01:10:10","date_gmt":"2018-01-08T00:10:10","guid":{"rendered":"https:\/\/www.focolare.org\/empresa-e-solidariedade-podem-funcionar-em-conjunto\/"},"modified":"2024-05-15T21:05:57","modified_gmt":"2024-05-15T19:05:57","slug":"empresa-e-solidariedade-podem-funcionar-em-conjunto","status":"publish","type":"post","link":"https:\/\/www.focolare.org\/pt-pt\/empresa-e-solidariedade-podem-funcionar-em-conjunto\/","title":{"rendered":"Empresa e solidariedade podem funcionar em conjunto"},"content":{"rendered":"<p><strong><img loading=\"lazy\" decoding=\"async\" class=\"alignright wp-image-159859 size-full\" src=\"https:\/\/www.focolare.org\/wp-content\/uploads\/2018\/01\/Tassano_05.jpg\" alt=\"Tassano_05\" width=\"350\" height=\"197\" \/>Foi uma \u201cfoto de grupo\u201d<\/strong> muito especial aquela que tiraram por ocasi\u00e3o de apresenta\u00e7\u00e3o p\u00fablica, na presen\u00e7a das autoridades e dos protagonistas, do balan\u00e7o social do Grupo Tassano, o qual com o tempo se transformou de cooperativa em cons\u00f3rcio e de cons\u00f3rcio em grupo de cons\u00f3rcios.  <strong>Uma realidade complexa que conta atualmente com 33 cooperativas, as quais prestam um conjunto diversificado de servi\u00e7os a 4.700 utentes diretos e a 100 mil indiretos, numa regi\u00e3o do Nordeste da It\u00e1lia,<\/strong> onde, em poucos quil\u00f3metros, se chega do mar e da vegeta\u00e7\u00e3o mediterr\u00e2nica, \u00e0s montanhas sempre cobertas de neve no inverno.  <strong>Os quase 700 colaboradores s\u00e3o formados, prioritariamente, no esp\u00edrito da <a href=\"http:\/\/www.edc-online.org\/\" target=\"_blank\" rel=\"noopener\">economia de comunh\u00e3o<\/a>.<\/strong> \u00ab<em>Esta \u00e9 uma lei da economia que o mundo n\u00e3o utiliza \u2013 <\/em>explicou naquela altura <strong>Luigino Bruni<\/strong><em> \u2013 mas que existe. A ela aderem as empresas que se empenham em repartir os lucros em tr\u00eas dire\u00e7\u00f5es: uma parte para criar postos de trabalho; outra para ajudar os pobres, e outra ainda para difundir esta cultura. Trabalho verdadeiro que d\u00e1 dignidade:<strong> a hist\u00f3ria do Grupo Tassano \u00e9 uma hist\u00f3ria de amor feita de trabalho e trabalhadores que gerou valor e valores<\/strong><\/em>\u00bb.  <strong><a href=\"https:\/\/www.focolare.org\/wp-content\/uploads\/2018\/01\/Tassano_01.jpg\"><img loading=\"lazy\" decoding=\"async\" class=\"alignleft wp-image-159856\" src=\"https:\/\/www.focolare.org\/wp-content\/uploads\/2018\/01\/Tassano_01.jpg\" alt=\"Tassano_01\" width=\"386\" height=\"217\" \/><\/a><\/strong>Uma hist\u00f3ria que vem de longe. <strong>Desde 1989, quando dois amigos, Giacomo Linaro e Piero Cattani, ambos pequenos empres\u00e1rios locais, conjuntamente com outros vinte e quatro s\u00f3cios volunt\u00e1rios aderentes ao <a href=\"https:\/\/www.focolare.org\/pt\/chi-siamo\/\">Movimento dos Focolares<\/a>, criaram uma cooperativa<\/strong> para responder aos numerosos casos\u00a0de dificuldades sociais presentes na regi\u00e3o.  <strong>A cooperativa cresce<\/strong> e pouco a pouco conquista confian\u00e7a de v\u00e1rios interlocutores, tamb\u00e9m do setor p\u00fablico, adquirindo novos servi\u00e7os.  <strong>Passados dois anos,<\/strong>\u00a0os s\u00f3cios da Tassano tomam consci\u00eancia de que os seus objetivos est\u00e3o em plena sintonia com o projeto da \u201cEconomia de Comunh\u00e3o\u201d, um projeto lan\u00e7ado por Chiara Lubich no Brasil, com o objetivo de estender a solidariedade a n\u00edvel mundial. Por isso, decidem aderir imeditamente.  Pouco a pouco, o crescimento diversificado das v\u00e1rias atividades e o nascimento de novas cooperativas especializadas permitiu criar um Cons\u00f3rcio de realidades que, tendo embora uma gest\u00e3o aut\u00f3noma, est\u00e3o unidas na experi\u00eancia, operando todas com o mesmo esp\u00edrito, no campo social, educativo, assistencial,<strong>\u00a0com servi\u00e7os dirigidos \u00e0s faixas mais d\u00e9beis da popula\u00e7\u00e3o: os idosos s\u00f3s, os deficientes, os doentes mentais, os desempregados, mas tamb\u00e9m as fam\u00edlias, as crian\u00e7as e os jovens,<\/strong> e ainda a manuten\u00e7\u00e3o e valoriza\u00e7\u00e3o do territ\u00f3rio. <\/p>\n<p style=\"margin: 0cm;margin-bottom: .0001pt;text-align: justify;background: white\"><strong>Em 1997, o cons\u00f3rcio Tassano transforma-se num Grupo de Empresas Cooperativas, <\/strong> com o intuito de unificar as v\u00e1rias experi\u00eancias empresariais e sociais j\u00e1 existentes,<strong> bem como para desempenhar a fun\u00e7\u00e3o de \u201cencubadora\u201d de novas realidades produtivas.<\/strong> No futuro, todos os \u00e2mbitos estrat\u00e9gicos confluir\u00e3o em cons\u00f3rcios, para poderem consolidar o crescimento e favorecer um posterior desenvolvimento.<\/p>\n<p> <strong><a href=\"https:\/\/www.focolare.org\/wp-content\/uploads\/2018\/01\/Tassano_03.jpg\"><img loading=\"lazy\" decoding=\"async\" class=\"size-full wp-image-159858 alignright\" src=\"https:\/\/www.focolare.org\/wp-content\/uploads\/2018\/01\/Tassano_03.jpg\" alt=\"Tassano_03\" width=\"300\" height=\"169\" \/><\/a><\/strong>  <strong>Maur\u00edcio Cantamessa<\/strong><strong>, presidente do Grupo, explica:<\/strong> \u00abA nossa realidade \u00e9 muito coesa, com uma total partilha dos valores, mas tamb\u00e9m com uma compreens\u00e3o a n\u00edvel do trabalho di\u00e1rio: estava na altura de nos unirmos, operar a consolida\u00e7\u00e3o e retomar o caminho. O facto de nos termos concentrado numa regi\u00e3o foi muito importante porque favoreceu as rela\u00e7\u00f5es. Trabalhamos diariamente, lado a lado, com as institui\u00e7\u00f5es. E porque lidamos com a presta\u00e7\u00e3o de servi\u00e7os a pessoas, \u00e9 importante \u201cfaz\u00ea-lo pessoalmente\u201d.  <strong>Apesar de todas as transforma\u00e7\u00f5es, a \u201cmiss\u00e3o\u201d do Grupo permaneceu sempre a mesma: <\/strong>favorecer uma conce\u00e7\u00e3o da a\u00e7\u00e3o econ\u00f3mica dirigida \u00e0 promo\u00e7\u00e3o integral e solid\u00e1ria do homem e da sociedade, sem renunciar a uma forte orienta\u00e7\u00e3o do mercado, atrav\u00e9s da individualiza\u00e7\u00e3o de objetivos e planos de desenvolvimento empresarial que pudessem levar \u00e0 cria\u00e7\u00e3o de novas empresas e portanto \u00e0 forma\u00e7\u00e3o de novos postos de trabalho. Esta \u00e9 a demosntra\u00e7\u00e3o de que as ideias, os princ\u00edpios e os valores podem traduzir-se eficazmente em a\u00e7\u00f5es concretas, com vantagens para o trabalho, para o territ\u00f3rio e para os seus habitantes.<strong> Empresa e solidariedade de m\u00e3os dadas.<\/strong><\/p>\n","protected":false},"excerpt":{"rendered":"<p>Para o Grupo Empresarial de Cooperativas Sociais \u201cRoberto Tassano\u201d \u2013 um dos que em It\u00e1lia adere ao esp\u00edrito e aos princ\u00edpios da Economia de Comunh\u00e3o  \u2013 o ano de 2017 encerra-se com um balan\u00e7o positivo, e n\u00e3o s\u00f3 no aspeto econ\u00f3mico.<\/p>\n","protected":false},"author":34,"featured_media":0,"comment_status":"open","ping_status":"open","sticky":false,"template":"","format":"standard","meta":{"give_campaign_id":0,"_seopress_robots_primary_cat":"","_seopress_titles_title":"","_seopress_titles_desc":"","_seopress_robots_index":"","_et_pb_use_builder":"","_et_pb_old_content":"","_et_gb_content_width":"","footnotes":""},"categories":[909],"tags":[],"class_list":["post-316086","post","type-post","status-publish","format-standard","hentry","category-focolare-worldwide-2-4"],"_links":{"self":[{"href":"https:\/\/www.focolare.org\/pt-pt\/wp-json\/wp\/v2\/posts\/316086","targetHints":{"allow":["GET"]}}],"collection":[{"href":"https:\/\/www.focolare.org\/pt-pt\/wp-json\/wp\/v2\/posts"}],"about":[{"href":"https:\/\/www.focolare.org\/pt-pt\/wp-json\/wp\/v2\/types\/post"}],"author":[{"embeddable":true,"href":"https:\/\/www.focolare.org\/pt-pt\/wp-json\/wp\/v2\/users\/34"}],"replies":[{"embeddable":true,"href":"https:\/\/www.focolare.org\/pt-pt\/wp-json\/wp\/v2\/comments?post=316086"}],"version-history":[{"count":0,"href":"https:\/\/www.focolare.org\/pt-pt\/wp-json\/wp\/v2\/posts\/316086\/revisions"}],"wp:attachment":[{"href":"https:\/\/www.focolare.org\/pt-pt\/wp-json\/wp\/v2\/media?parent=316086"}],"wp:term":[{"taxonomy":"category","embeddable":true,"href":"https:\/\/www.focolare.org\/pt-pt\/wp-json\/wp\/v2\/categories?post=316086"},{"taxonomy":"post_tag","embeddable":true,"href":"https:\/\/www.focolare.org\/pt-pt\/wp-json\/wp\/v2\/tags?post=316086"}],"curies":[{"name":"wp","href":"https:\/\/api.w.org\/{rel}","templated":true}]}}