{"id":316152,"date":"2018-02-03T01:10:25","date_gmt":"2018-02-03T00:10:25","guid":{"rendered":"https:\/\/www.focolare.org\/chiara-lubich-amar-com-os-fatos\/"},"modified":"2024-05-15T21:06:08","modified_gmt":"2024-05-15T19:06:08","slug":"chiara-lubich-amar-com-os-fatos","status":"publish","type":"post","link":"https:\/\/www.focolare.org\/pt-pt\/chiara-lubich-amar-com-os-fatos\/","title":{"rendered":"Chiara Lubich: amar com os fatos"},"content":{"rendered":"<p><div id=\"attachment_160843\" style=\"width: 378px\" class=\"wp-caption alignright\"><img loading=\"lazy\" decoding=\"async\" aria-describedby=\"caption-attachment-160843\" class=\"wp-image-160843 size-full\" src=\"https:\/\/www.focolare.org\/wp-content\/uploads\/2018\/02\/SAD_copyright_SADOnlus-01.png\" alt=\"SAD_copyright_SADOnlus-01\" width=\"368\" height=\"183\" \/><p id=\"caption-attachment-160843\" class=\"wp-caption-text\">Foto: www.afnonlus.org<\/p><\/div>  <strong>\u00abFa\u00e7amos nosso o lema &#8220;amar com fatos&#8221; (1 Jo 3,18)<\/strong>. Jesus quer que vivamos assim, Ele quer uma caridade para com o pr\u00f3ximo que seja servi\u00e7o concreto. Ele mesmo se fez nosso modelo quando lavou os p\u00e9s dos disc\u00edpulos. Amar com obras concretas.  \u00c9 poss\u00edvel viver assim o dia inteiro [\u2026]: <strong>um gesto concreto em favor de um irm\u00e3o<\/strong>, um outro ato de amor para com outro irm\u00e3o, e assim por diante [\u2026]. <strong>No fim da vida, por todos esses gestos concre-tos, Jesus nos dar\u00e1 um pr\u00eamio proporcional<\/strong>. Se um, apenas um copo d&#8217;\u00e1gua, oferecido a Ele no irm\u00e3o, n\u00e3o ficar\u00e1 sem recompensa (cf. Mt 10,42), o que ser\u00e1 de muitos copos d&#8217;\u00e1gua? [\u2026]  Impressionou-me saber [\u2026] (que no nosso Movimento) floresceram espontaneamente em todo o mundo, sob a responsabilidade dos membros da Obra,<strong> cerca de duzentas atividades ou trabalhos em favor dos irm\u00e3os que se encontram nas mais diversas necessidades<\/strong>: obras de caridade para doentes, idosos, desempregados, deficientes; s\u00e3o centros em favor da vida, que acolhem pessoas abandonadas, solit\u00e1rias, acolhem grupos de estudantes estrangeiros ou desenvolvem trabalhos em favor das crian\u00e7as abandonadas, dos sem-teto, dos encarcerados, toxic\u00f4manos ou alco\u00f3latras. S\u00e3o cursos de promo\u00e7\u00e3o humana e de catecismo, s\u00e3o iniciativas no campo da economia, do trabalho, da educa\u00e7\u00e3o. S\u00e3o obras em favor de todas as necessidades dos pa\u00edses em via de desenvolvimento ou atingidos por calamidades naturais\u2026  E louvei a Deus porque, desde os primeiros anos do Movimento, as assim chamadas &#8220;obras de miseric\u00f3rdia&#8221;, foram para n\u00f3s, como nos sugeria o Evangelho, <strong>condi\u00e7\u00e3o imprescind\u00edvel para um bom &#8220;exame final&#8221; e, portanto, para uma boa conclus\u00e3o da Santa Viagem da vida.<\/strong>  Com esta mensagem, quero sugerir que voc\u00eas levem em considera\u00e7\u00e3o ao menos uma dessas obras e a tenham no cora\u00e7\u00e3o de uma maneira especial. Procurem interessar-se por ela, deem sua ajuda para que se desenvolva, procurem increment\u00e1-la com os meios dispon\u00edveis, sintam-se correspons\u00e1veis por essa atividade.  [\u2026] <strong>Olhemos ao nosso redor!<\/strong> Existir\u00e3o atividades e a\u00e7\u00f5es concretas suscitadas pelos <a href=\"https:\/\/www.focolare.org\/pt\/movimento-dei-focolari\/un-popolo\/umanita-nuova\/\">Movimentos &#8220;Humani\u00acdade Nova<\/a>&#8220;, &#8220;<a href=\"https:\/\/www.focolare.org\/pt\/movimento-dei-focolari\/un-popolo\/famiglie-nuove\/\">Fam\u00edlias Novas<\/a>&#8220;,<a href=\"http:\/\/y4uw.org\/it\/\" target=\"_blank\" rel=\"noopener\"> &#8220;Jovens por um Mundo Unido&#8221;<\/a>, <a href=\"https:\/\/www.focolare.org\/pt\/movimento-dei-focolari\/un-popolo\/rpu\/\">Movimento &#8220;Juvenil pela Unidade&#8221;<\/a>, <a href=\"https:\/\/www.focolare.org\/pt\/movimento-dei-focolari\/un-popolo\/movimento-parrocchiale\/\">Movimento Paroquial<\/a>, tanto na regi\u00e3o de voc\u00eas como em outras. Vejam como entrar em contato com essas atividades, talvez consultando seus respons\u00e1veis. Aproximem-se delas com delicadeza, sem atrapalhar, mas apenas com o desejo de servir, ao menos com suas ora\u00e7\u00f5es, se n\u00e3o for poss\u00edvel de outra maneira.  [\u2026] Compreendemos, ent\u00e3o, o que fazer: <strong>amar com as obras e colaborar com uma das atividades j\u00e1 existentes<\/strong>. De forma que, por nosso amor concreto e tam\u00acb\u00e9m por estas obras espec\u00edficas, o Senhor possa repetir, referindo-se a cada um de n\u00f3s: &#8220;Eis que eu venho em breve e trago comigo o sal\u00e1rio para retribuir a cada um conforme o seu trabalho&#8221; (Ap 22,12)\u00bb.  <a href=\"https:\/\/www.focolare.org\/pt\/chiara-lubich\/chi-e-chiara\/\">Chiara Lubich<\/a>, Rocca di Papa, 12 de maio de 1988  De CHIARA LUBICH \u2013 Buscar as coisas do alto \u2013 Cidade Nova 1993 \u2013 p\u00e1g 95-96-97-98<\/p>\n","protected":false},"excerpt":{"rendered":"<p><img loading=\"lazy\" decoding=\"async\" class=\"wp-image-160491 alignleft\" src=\"https:\/\/www.focolare.org\/wp-content\/uploads\/2018\/01\/Anniversary_logo.jpg\" alt=\"Anniversary_logo\" width=\"50\" height=\"50\" \/>No d\u00e9cimo anivers\u00e1rio da morte da fundadora dos Focolares (2008-2018), as comunidades do  Movimento evidenciam a dimens\u00e3o social do carisma da unidade.<\/p>\n","protected":false},"author":34,"featured_media":0,"comment_status":"open","ping_status":"open","sticky":false,"template":"","format":"standard","meta":{"give_campaign_id":0,"_seopress_robots_primary_cat":"","_seopress_titles_title":"","_seopress_titles_desc":"","_seopress_robots_index":"","_et_pb_use_builder":"","_et_pb_old_content":"","_et_gb_content_width":"","footnotes":""},"categories":[129],"tags":[],"class_list":["post-316152","post","type-post","status-publish","format-standard","hentry","category-sem-categoria"],"_links":{"self":[{"href":"https:\/\/www.focolare.org\/pt-pt\/wp-json\/wp\/v2\/posts\/316152","targetHints":{"allow":["GET"]}}],"collection":[{"href":"https:\/\/www.focolare.org\/pt-pt\/wp-json\/wp\/v2\/posts"}],"about":[{"href":"https:\/\/www.focolare.org\/pt-pt\/wp-json\/wp\/v2\/types\/post"}],"author":[{"embeddable":true,"href":"https:\/\/www.focolare.org\/pt-pt\/wp-json\/wp\/v2\/users\/34"}],"replies":[{"embeddable":true,"href":"https:\/\/www.focolare.org\/pt-pt\/wp-json\/wp\/v2\/comments?post=316152"}],"version-history":[{"count":0,"href":"https:\/\/www.focolare.org\/pt-pt\/wp-json\/wp\/v2\/posts\/316152\/revisions"}],"wp:attachment":[{"href":"https:\/\/www.focolare.org\/pt-pt\/wp-json\/wp\/v2\/media?parent=316152"}],"wp:term":[{"taxonomy":"category","embeddable":true,"href":"https:\/\/www.focolare.org\/pt-pt\/wp-json\/wp\/v2\/categories?post=316152"},{"taxonomy":"post_tag","embeddable":true,"href":"https:\/\/www.focolare.org\/pt-pt\/wp-json\/wp\/v2\/tags?post=316152"}],"curies":[{"name":"wp","href":"https:\/\/api.w.org\/{rel}","templated":true}]}}