{"id":316204,"date":"2018-02-20T01:10:48","date_gmt":"2018-02-20T00:10:48","guid":{"rendered":"https:\/\/www.focolare.org\/a-rede-de-amor-tecida-por-gis\/"},"modified":"2024-05-15T21:06:18","modified_gmt":"2024-05-15T19:06:18","slug":"a-rede-de-amor-tecida-por-gis","status":"publish","type":"post","link":"https:\/\/www.focolare.org\/pt-pt\/a-rede-de-amor-tecida-por-gis\/","title":{"rendered":"A rede de amor tecida por Gis"},"content":{"rendered":"<p><div id=\"attachment_161530\" style=\"width: 270px\" class=\"wp-caption alignright\"><img loading=\"lazy\" decoding=\"async\" aria-describedby=\"caption-attachment-161530\" class=\"wp-image-161530\" src=\"https:\/\/www.focolare.org\/wp-content\/uploads\/2018\/02\/2017-07-15-PHOTO-00000149.jpg\" alt=\"2017-07-15-PHOTO-00000149\" width=\"260\" height=\"417\" \/><p id=\"caption-attachment-161530\" class=\"wp-caption-text\">Gis e Ginetta<\/p><\/div>  Terceira de tr\u00eas irm\u00e3s, entre estas Ginetta que tamb\u00e9m se tornaria focolarina, G<strong>is nasce em Lavis (Trento, norte da It\u00e1lia), dia 18 de abril de 1920<\/strong>. Gra\u00e7as aos muitos sacrif\u00edcios da m\u00e3e, as tr\u00eas meninas conseguem continuar os estudos depois da morte prematura do pai. Com o in\u00edcio da guerra, Gis e Ginetta transferem-se para a regi\u00e3o do V\u00eaneto, para trabalhar, e l\u00e1, de vez em quando Gis recebe not\u00edcias de uma colega da escola. \u00a0Com express\u00f5es fortes e incisivas, a amiga descreve a experi\u00eancia singular do Evangelho que est\u00e1 come\u00e7ando em Trento, com um grupo de mo\u00e7as da idade delas. As suas palavras tocam profundamente a natureza sens\u00edvel de Gis, que ao voltar a Trento, para a P\u00e1scoa, deseja conhecer <a href=\"https:\/\/www.focolare.org\/pt\/chiara-lubich\/chi-e-chiara\/\" target=\"_blank\" rel=\"noopener\">Chiara Lubich<\/a>. Logo percebe que naquela experi\u00eancia evang\u00e9lica est\u00e1 o seu caminho. Sem demora comunica ao empregador que, embora grata pelo vantajoso trabalho, n\u00e3o retornaria mais \u00e0 empresa, e ao jovem a quem era ligada por um sentimento esperan\u00e7oso escreve: \u201cN\u00e3o \u00e9 por um outro homem que eu lhe deixo, mas por Deus\u201d.  <strong>Desde ent\u00e3o, todas as ocasi\u00f5es eram boas para ir \u00e0 \u201ccasinha\u201d na Pra\u00e7a dos Capuchinhos<\/strong>, o apartamento que uma senhora havia colocado \u00e0 disposi\u00e7\u00e3o daquele grupo de mo\u00e7as. \u00abEu morava a alguns quil\u00f4metros de dist\u00e2ncia \u2013 conta Gis \u2013 e a rua era toda em subida. Eu levantava \u00e0s cinco da manh\u00e3 para assistir \u00e0 Missa com elas, e para a medita\u00e7\u00e3o na qual Chiara nos fazia penetrar no fogo das palavras do Evangelho que mudavam o sentido de tudo: n\u00e3o havia nenhum tipo de dificuldade para coloc\u00e1-las em pr\u00e1tica\u00bb.  <strong>Por causa da guerra, na cidade faltava tudo. Gis recorda de uma propriedade da sua fam\u00edlia onde se cultiva fruta e verdura.<\/strong> Mas como ir busc\u00e1-las se pelas ruas circulam s\u00f3 os carros-armados? Por amor \u00e0s muitas pessoas que batem \u00e0 porta da \u201ccasinha\u201d em busca de comida, ela se arma de coragem e, parada na beira da estrada, pede carona aos soldados que guiam aqueles carros. Eles passam sem nem olhar para ela, mas de repente um para, e, ouvindo os motivos da sua ousadia, a deixa entrar no carro. O mesmo acontece na volta, tanto que ela consegue levar para casa dois grandes sacos cheios de frutas e legumes.  <strong><a href=\"https:\/\/www.focolare.org\/wp-content\/uploads\/2018\/02\/FNFOC-20180123-Profilo-024_600x333.jpg\"><img loading=\"lazy\" decoding=\"async\" class=\"wp-image-161528 alignleft\" src=\"https:\/\/www.focolare.org\/wp-content\/uploads\/2018\/02\/FNFOC-20180123-Profilo-024_600x333.jpg\" alt=\"FNFOC-20180123-Profilo-024_600x333\" width=\"368\" height=\"204\" \/><\/a>Terminada a guerra, Gis e Ginetta pedem \u00e0 m\u00e3e para ir morar no focolare<\/strong>: Ginetta obt\u00e9m a permiss\u00e3o, mas a \u201cca\u00e7ula\u201d, n\u00e3o. Ela n\u00e3o fica resignada: sabe que sua escolha \u00e9 definitiva, \u00e9 apenas uma quest\u00e3o de tempo. A solu\u00e7\u00e3o \u00e9 encontrada pelo <a href=\"https:\/\/www.focolare.org\/pt\/chiara-lubich\/chi-e-chiara\/igino-giordani\/\" target=\"_blank\" rel=\"noopener\">deputado Igino Giordani<\/a> que, sabendo que a Sra. Calliari gosta imensamente de ler seus escritos, oferece a Gis um emprego em Roma. No dia 6 de dezembro de 1949, a m\u00e3e, contente por agradar o deputado, a deixa viajar, sem saber que a filha, al\u00e9m de ser a secret\u00e1ria de Giordani, ir\u00e1 abrir, com Chiara e outras de suas companheiras, o primeiro focolare na capital italiana.  <strong>A partir de ent\u00e3o Gis esteve sempre com Chiara<\/strong>, com breves intervalos para o in\u00edcio dos Focolares em algumas regi\u00f5es italianas. Sobre a vida ao seu lado, em 2005 confidencia: \u00ab\u00c9 muito simples, l\u00edmpida, profunda: tudo o que \u00e9 seu \u00e9 meu, tudo o que \u00e9 meu \u00e9 seu\u00bb. Afirma\u00e7\u00f5es que refletem plenamente o que representa para Chiara o seu focolare: \u00abA <em>filad\u00e9lfia<\/em> \u00e9 mais que uma realidade \u2013 diz Chiara -. \u00c9 aqui que eu tomo for\u00e7as para enfrentar as cruzes de cada dia, depois da uni\u00e3o pessoal com Jesus. Aqui se vai da sabedoria, comunicada com espontaneidade, aos conselhos pr\u00e1ticos sobre a sa\u00fade, sobre o modo de vestir, sobre a casa, a comida&#8230; a ajudas cont\u00ednuas, di\u00e1rias, com sacrif\u00edcios que muitas vezes n\u00e3o se contam. Aqui [&#8230;] circula sangue de casa, mas celeste\u00bb.  <img loading=\"lazy\" decoding=\"async\" class=\"alignright wp-image-161533\" src=\"https:\/\/www.focolare.org\/wp-content\/uploads\/2018\/02\/FNFOC-20180123-091.jpg\" alt=\"FNFOC-20180123-091\" width=\"368\" height=\"205\" \/>\u00abDo seu escrit\u00f3rio \u2013 conta Gabri Fallacara \u2013 telefonava a todos, tecendo uma rede de amor, incisivo, totalmente compreensivo. Na m\u00e1xima confian\u00e7a, colocava-nos nas condi\u00e7\u00f5es mais favor\u00e1veis para entender o que o <a href=\"https:\/\/www.focolare.org\/pt\/chiara-lubich\/spiritualita-dellunita\/\" target=\"_blank\" rel=\"noopener\">carisma da unidade<\/a> pedia, dia a dia, a Chiara e a n\u00f3s\u00bb.  <strong>Ap\u00f3s a morte de Chiara<\/strong>, Gis continua a viver por todos, para al\u00e9m de suas capacidades reduzidas, sendo uma fonte transbordante de afeto e ternura. No in\u00edcio de julho de 2017, uma piora na sua sa\u00fade transforma o seu quarto em um espa\u00e7o de encontros com a atmosfera do c\u00e9u. No dia 20 de janeiro de 2018, aos 97 anos, Gis deixa serenamente este mundo. A presidente dos Focolares, Maria Voce, durante o seu funeral, afirma: \u00abAt\u00e9 o fim deu tudo de si mesma para continuar a fazer com que Chiara viva no Movimento de hoje. Ela me deu uma grande aula de essencialidade, radicalismo, confian\u00e7a nos des\u00edgnios de Deus, de unidade com todos\u00bb.  &nbsp;<\/p>\n","protected":false},"excerpt":{"rendered":"<p>No 30\u00ba dia do seu nascimento para o C\u00e9u relembramos Gisella Calliari (Gis), estreita colaboradora de Chiara Lubich na funda\u00e7\u00e3o dos Focolares e protagonista, desde a primeira hora, da inser\u00e7\u00e3o do carisma da unidade no mundo.<\/p>\n","protected":false},"author":34,"featured_media":0,"comment_status":"open","ping_status":"open","sticky":false,"template":"","format":"standard","meta":{"give_campaign_id":0,"_seopress_robots_primary_cat":"","_seopress_titles_title":"","_seopress_titles_desc":"","_seopress_robots_index":"","_et_pb_use_builder":"","_et_pb_old_content":"","_et_gb_content_width":"","footnotes":""},"categories":[129],"tags":[],"class_list":["post-316204","post","type-post","status-publish","format-standard","hentry","category-sem-categoria"],"_links":{"self":[{"href":"https:\/\/www.focolare.org\/pt-pt\/wp-json\/wp\/v2\/posts\/316204","targetHints":{"allow":["GET"]}}],"collection":[{"href":"https:\/\/www.focolare.org\/pt-pt\/wp-json\/wp\/v2\/posts"}],"about":[{"href":"https:\/\/www.focolare.org\/pt-pt\/wp-json\/wp\/v2\/types\/post"}],"author":[{"embeddable":true,"href":"https:\/\/www.focolare.org\/pt-pt\/wp-json\/wp\/v2\/users\/34"}],"replies":[{"embeddable":true,"href":"https:\/\/www.focolare.org\/pt-pt\/wp-json\/wp\/v2\/comments?post=316204"}],"version-history":[{"count":0,"href":"https:\/\/www.focolare.org\/pt-pt\/wp-json\/wp\/v2\/posts\/316204\/revisions"}],"wp:attachment":[{"href":"https:\/\/www.focolare.org\/pt-pt\/wp-json\/wp\/v2\/media?parent=316204"}],"wp:term":[{"taxonomy":"category","embeddable":true,"href":"https:\/\/www.focolare.org\/pt-pt\/wp-json\/wp\/v2\/categories?post=316204"},{"taxonomy":"post_tag","embeddable":true,"href":"https:\/\/www.focolare.org\/pt-pt\/wp-json\/wp\/v2\/tags?post=316204"}],"curies":[{"name":"wp","href":"https:\/\/api.w.org\/{rel}","templated":true}]}}