{"id":316296,"date":"2018-03-22T18:30:29","date_gmt":"2018-03-22T17:30:29","guid":{"rendered":"https:\/\/www.focolare.org\/pre-sinodo-a-igreja-dos-jovens\/"},"modified":"2024-05-15T21:06:36","modified_gmt":"2024-05-15T19:06:36","slug":"pre-sinodo-a-igreja-dos-jovens","status":"publish","type":"post","link":"https:\/\/www.focolare.org\/pt-pt\/pre-sinodo-a-igreja-dos-jovens\/","title":{"rendered":"Pr\u00e9-S\u00ednodo: a Igreja dos jovens"},"content":{"rendered":"<p><div id=\"attachment_162885\" style=\"width: 284px\" class=\"wp-caption alignleft\"><img alt=\"\" alt=\"\" loading=\"lazy\" decoding=\"async\" aria-describedby=\"caption-attachment-162885\" class=\"wp-image-162885\" src=\"https:\/\/www.focolare.org\/wp-content\/uploads\/2018\/03\/Jonathan-Michelon-1.jpg\" alt=\"\" width=\"274\" height=\"238\" \/><p id=\"caption-attachment-162885\" class=\"wp-caption-text\">Jonathan Michelon<\/p><\/div>  <strong>Jonathan, como se realizam os trabalhos? <\/strong>\u00abH\u00e1 sess\u00f5es em plen\u00e1ria e de grupo. Os grupos s\u00e3o uns vinte, divididos por l\u00edngua: ingl\u00eas, franc\u00eas, espanhol e italiano. Cada grupo tem um redator e um facilitador. Os participantes devem responder, juntos, \u00e0s 15 perguntas propostas pelo documento do S\u00ednodo. No final, ser\u00e1 elaborado um documento que depois ser\u00e1 entregue aos Padres Sinodais\u00bb.  <strong>Do que tratam as perguntas? <\/strong>\u00abA primeira parte \u00e9 dedicada aos desafios e \u00e0s oportunidades das jovens gera\u00e7\u00f5es no mundo de hoje. Depois, a forma\u00e7\u00e3o da personalidade, a rela\u00e7\u00e3o com os outros povos, os desafios inter-religiosos, as diferen\u00e7as vistas como oportunidades, os jovens e o futuro, os seus sonhos, a rela\u00e7\u00e3o com a tecnologia, a busca do significado da vida, a rela\u00e7\u00e3o entre vida quotidiana e o sagrado\u00bb.  <strong>E a segunda parte das perguntas? <\/strong>\u00abFalou-se da f\u00e9, da voca\u00e7\u00e3o, o sentido da miss\u00e3o espec\u00edfica do jovem no mundo, do discernimento e do acompanhamento vocacional. Depois, o relacionamento deles com Jesus, como \u00e9 compreendida pelos jovens a figura de Jesus no terceiro mil\u00eanio. Uma \u00faltima parte era dedicada \u00e0s atividades formativas e pastorais da Igreja, o relacionamento dos jovens com a Igreja e as suas experi\u00eancias\u00bb.  <strong><a href=\"http:\/\/www.synod2018.va\/content\/synod2018\/it.html\"><img loading=\"lazy\" decoding=\"async\" class=\"alignright\" src=\"http:\/\/www.synod2018.va\/content\/synod2018\/it\/_jcr_content\/home-iparsys\/image.img.jpg\/1518166645712.jpg\" alt=\"\" width=\"411\" height=\"169\" \/><\/a>De onde prov\u00eam os jovens do seu grupo? <\/strong>\u00abDa Europa (Eslov\u00eania, Alemanha, Gr\u00e9cia, Pol\u00f4nia), mas tamb\u00e9m dos outros continentes, at\u00e9 mesmo das ilhas Samoa americanas, no Oceano Pac\u00edfico. Um jovem sikh compartilhou a sua experi\u00eancia de f\u00e9 e o relacionamento com os sacerdotes do templo deles, que est\u00e3o sempre prontos a dar a todos uma palavra de paz. Tem tamb\u00e9m uma jovem anglicana do Zimbabwe e que estuda para se tornar sacerdote. H\u00e1 muita sabedoria, e o confronto \u00e9 enriquecedor\u00bb.  <strong>Existem experi\u00eancias que impressionaram voc\u00ea? <\/strong>\u00abUma, em especial, \u00e9 a de um jovem m\u00e9dico polon\u00eas, ligado ao caminho neocatecumenal que, com a mulher, fundou uma associa\u00e7\u00e3o que se ocupa da aten\u00e7\u00e3o aos moribundos. Estimulado pela medita\u00e7\u00e3o do primeiro dia, sobre o sentido profundo da dor, baseada na experi\u00eancia de Chiara Luce Badano, contou aquilo que vivem. Com os outros da associa\u00e7\u00e3o, v\u00e3o at\u00e9 os doentes, os assistem e os convidam a oferecer a pr\u00f3pria dor por todos. Assim, estas pessoas deixam a terra &#8220;cheios de vida&#8221; porque, como ele diz, &#8220;a morte \u00e9 o per\u00edodo mais bonito da vida, porque nos aproximamos de Deus, a Quem mais amamos&#8221;\u00bb.  <strong>Aos jovens dos Focolares foi confiada a anima\u00e7\u00e3o da missa e as medita\u00e7\u00f5es di\u00e1rias&#8230; <\/strong>\u00abSim, alguns jovens da Escola Gen de Loppiano e dos Centros Gen em Roma formaram um coro, o qual agora est\u00e1 se tornando um grupo inclusivo: convidam quem tem os talentos para participar da anima\u00e7\u00e3o da missa. Ontem, se uniu um violinista. Realmente uma bela experi\u00eancia\u00bb.  <strong>Portanto, os jovens est\u00e3o felizes com esta experi\u00eancia? <\/strong>\u00abEstamos percebendo que estamos vivendo um momento hist\u00f3rico na Igreja cat\u00f3lica. \u00c9 a primeira vez, em 2000 anos, que se faz um s\u00ednodo para os jovens com os jovens! Mas para eles \u00e9 natural contribuir assim com a Igreja. A Igreja \u00e9 eles. Se comportam com o Cardeal e tamb\u00e9m com o Papa Francisco como com os seus melhores amigos: d\u00e3o a m\u00e3o a eles, os abra\u00e7am&#8230; \u00c9 muito bonito\u00bb.  <strong>E para voc\u00ea? <\/strong>\u00abPara mim \u00e9 uma experi\u00eancia \u00fanica, voc\u00ea se d\u00e1 conta da vastid\u00e3o da Igreja e da sua incid\u00eancia no mundo. Aqui, voc\u00ea tem o mundo, a universalidade da Igreja\u00bb.  <strong>Fonte: <\/strong><a href=\"http:\/\/www.loppiano.it\/\">Loppiano online<\/a>  &nbsp;  https:\/\/twitter.com\/twitter\/statuses\/976421224095076352<\/p>\n","protected":false},"excerpt":{"rendered":"<p>Entrevista com Jonathan Michelon, respons\u00e1vel da Escola Gen de Loppiano e docente de Leadership no Instituto Universit\u00e1rio Sophia que participa, na qualidade de facilitador, de um dos grupos do pr\u00e9-S\u00ednodo dedicado aos jovens e desejado pelo Papa Francisco.<\/p>\n","protected":false},"author":34,"featured_media":0,"comment_status":"open","ping_status":"open","sticky":false,"template":"","format":"standard","meta":{"give_campaign_id":0,"_seopress_robots_primary_cat":"","_seopress_titles_title":"","_seopress_titles_desc":"","_seopress_robots_index":"","_et_pb_use_builder":"","_et_pb_old_content":"","_et_gb_content_width":"","footnotes":""},"categories":[129],"tags":[],"class_list":["post-316296","post","type-post","status-publish","format-standard","hentry","category-sem-categoria"],"_links":{"self":[{"href":"https:\/\/www.focolare.org\/pt-pt\/wp-json\/wp\/v2\/posts\/316296","targetHints":{"allow":["GET"]}}],"collection":[{"href":"https:\/\/www.focolare.org\/pt-pt\/wp-json\/wp\/v2\/posts"}],"about":[{"href":"https:\/\/www.focolare.org\/pt-pt\/wp-json\/wp\/v2\/types\/post"}],"author":[{"embeddable":true,"href":"https:\/\/www.focolare.org\/pt-pt\/wp-json\/wp\/v2\/users\/34"}],"replies":[{"embeddable":true,"href":"https:\/\/www.focolare.org\/pt-pt\/wp-json\/wp\/v2\/comments?post=316296"}],"version-history":[{"count":0,"href":"https:\/\/www.focolare.org\/pt-pt\/wp-json\/wp\/v2\/posts\/316296\/revisions"}],"wp:attachment":[{"href":"https:\/\/www.focolare.org\/pt-pt\/wp-json\/wp\/v2\/media?parent=316296"}],"wp:term":[{"taxonomy":"category","embeddable":true,"href":"https:\/\/www.focolare.org\/pt-pt\/wp-json\/wp\/v2\/categories?post=316296"},{"taxonomy":"post_tag","embeddable":true,"href":"https:\/\/www.focolare.org\/pt-pt\/wp-json\/wp\/v2\/tags?post=316296"}],"curies":[{"name":"wp","href":"https:\/\/api.w.org\/{rel}","templated":true}]}}