{"id":316326,"date":"2018-04-01T23:10:56","date_gmt":"2018-04-01T21:10:56","guid":{"rendered":"https:\/\/www.focolare.org\/a-gloria-da-ressurreicao-na-criacao\/"},"modified":"2024-05-15T21:06:42","modified_gmt":"2024-05-15T19:06:42","slug":"a-gloria-da-ressurreicao-na-criacao","status":"publish","type":"post","link":"https:\/\/www.focolare.org\/pt-pt\/a-gloria-da-ressurreicao-na-criacao\/","title":{"rendered":"A gl\u00f3ria da Ressurrei\u00e7\u00e3o na cria\u00e7\u00e3o"},"content":{"rendered":"<p><strong><img alt=\"\" alt=\"\" loading=\"lazy\" decoding=\"async\" class=\"size-full wp-image-163656 alignnone\" src=\"https:\/\/www.focolare.org\/wp-content\/uploads\/2018\/04\/Pixabay_1852945_960_720.jpg\" alt=\"\" width=\"600\" height=\"180\" \/><\/strong>  <strong>N\u00f3s Vos louvamos, Pai,<\/strong> com todas as vossas criaturas, que sa\u00edram da vossa m\u00e3o poderosa. S\u00e3o vossas e est\u00e3o repletas da vossa presen\u00e7a e da vossa ternura. <em>Louvado sejais!<\/em>  <strong>Filho de Deus, Jesus,<\/strong> por V\u00f3s foram criadas todas as coisas. Fostes formado no seio materno de Maria, fizestes-Vos parte desta terra, e contemplastes este mundo com olhos humanos. Hoje estais vivo em cada criatura com a vossa gl\u00f3ria de ressuscitado. <em>Louvado sejais!<\/em>  <strong>Esp\u00edrito Santo, que, com a vossa luz,<\/strong> guiais este mundo para o amor do Pai e acompanhais o gemido da cria\u00e7\u00e3o, V\u00f3s viveis tamb\u00e9m nos nossos cora\u00e7\u00f5es a fim de nos impelir para o bem. <em>Louvado sejais!<\/em>  &nbsp;  <strong>Fonte:<\/strong> Papa Francisco, <a href=\"http:\/\/w2.vatican.va\/content\/francesco\/pt\/encyclicals\/documents\/papa-francesco_20150524_enciclica-laudato-si.html\">Carta Enc\u00edclica Laudato Si\u2019<\/a> sobre o cuidado da casa comum (Ora\u00e7\u00e3o pela nossa terra, 246)<\/p>\n","protected":false},"excerpt":{"rendered":"<p>\u201cHoje est\u00e1s vivo em cada criatura com a tua gl\u00f3ria de ressuscitado\u201d. Da \u201cora\u00e7\u00e3o pela nossa terra\u201d do Papa Francisco um hino \u00e0 natureza, sinal da presen\u00e7a e da ternura de Deus.<\/p>\n","protected":false},"author":34,"featured_media":0,"comment_status":"open","ping_status":"open","sticky":false,"template":"","format":"standard","meta":{"give_campaign_id":0,"_seopress_robots_primary_cat":"","_seopress_titles_title":"","_seopress_titles_desc":"","_seopress_robots_index":"","_et_pb_use_builder":"","_et_pb_old_content":"","_et_gb_content_width":"","footnotes":""},"categories":[129],"tags":[],"class_list":["post-316326","post","type-post","status-publish","format-standard","hentry","category-sem-categoria"],"_links":{"self":[{"href":"https:\/\/www.focolare.org\/pt-pt\/wp-json\/wp\/v2\/posts\/316326","targetHints":{"allow":["GET"]}}],"collection":[{"href":"https:\/\/www.focolare.org\/pt-pt\/wp-json\/wp\/v2\/posts"}],"about":[{"href":"https:\/\/www.focolare.org\/pt-pt\/wp-json\/wp\/v2\/types\/post"}],"author":[{"embeddable":true,"href":"https:\/\/www.focolare.org\/pt-pt\/wp-json\/wp\/v2\/users\/34"}],"replies":[{"embeddable":true,"href":"https:\/\/www.focolare.org\/pt-pt\/wp-json\/wp\/v2\/comments?post=316326"}],"version-history":[{"count":0,"href":"https:\/\/www.focolare.org\/pt-pt\/wp-json\/wp\/v2\/posts\/316326\/revisions"}],"wp:attachment":[{"href":"https:\/\/www.focolare.org\/pt-pt\/wp-json\/wp\/v2\/media?parent=316326"}],"wp:term":[{"taxonomy":"category","embeddable":true,"href":"https:\/\/www.focolare.org\/pt-pt\/wp-json\/wp\/v2\/categories?post=316326"},{"taxonomy":"post_tag","embeddable":true,"href":"https:\/\/www.focolare.org\/pt-pt\/wp-json\/wp\/v2\/tags?post=316326"}],"curies":[{"name":"wp","href":"https:\/\/api.w.org\/{rel}","templated":true}]}}