{"id":316358,"date":"2018-04-12T23:10:26","date_gmt":"2018-04-12T21:10:26","guid":{"rendered":"https:\/\/www.focolare.org\/a-forca-de-reerguer-se\/"},"modified":"2024-05-15T21:06:48","modified_gmt":"2024-05-15T19:06:48","slug":"a-forca-de-reerguer-se","status":"publish","type":"post","link":"https:\/\/www.focolare.org\/pt-pt\/a-forca-de-reerguer-se\/","title":{"rendered":"A for\u00e7a de reerguer-se"},"content":{"rendered":"<p><strong><img alt=\"\" alt=\"\" loading=\"lazy\" decoding=\"async\" class=\"wp-image-164077 alignright\" src=\"https:\/\/www.focolare.org\/wp-content\/uploads\/2018\/04\/Gmu-Rebibbia-3-e1523559308800.jpeg\" alt=\"\" width=\"368\" height=\"242\" \/>\u00abH\u00e1 cerca de tr\u00eas anos n\u00f3s, <a href=\"https:\/\/www.focolare.org\/pt\/movimento-dei-focolari\/un-popolo\/giovani-per-un-mondo-unito\/\">Jovens por um Mundo Unido<\/a> de Roma, colaboramos com as educadoras, a administra\u00e7\u00e3o penitenci\u00e1ria e o \u201cComit\u00ea G9\u201d<\/strong>, um grupo de oito detentos da ala tamb\u00e9m denominada G9 do <strong>c\u00e1rcere de Rebibbia<\/strong> que, mesmo n\u00e3o tendo filhos, empenham-se para favorecer ocasi\u00f5es de encontro entre os outros detentos e as respectivas fam\u00edlias\u00bb. <strong>A aventura \u00e9 contada por Raffaele Natalucci, um jovem de Roma. <\/strong>  <strong>\u00abTr\u00eas vezes por ano preparamos um espa\u00e7o onde pais e filhos podem estar juntos, para brincar e desenhar com as crian\u00e7as.<\/strong> Durante as atividades organizadas ao ar livre, no p\u00e1tio interno do c\u00e1rcere, participam cerca de trezentas pessoas, entre detentos e familiares, al\u00e9m de muitos volunt\u00e1rios vindos de fora. Durante um destes eventos pude ouvir o testemunho de um detento: \u201cA priva\u00e7\u00e3o da liberdade distancia-nos da realidade. Estando sempre na cela, entre quatro paredes, at\u00e9 mesmo a vis\u00e3o diminui. Algumas pessoas que receberam autoriza\u00e7\u00e3o para sair contaram que tinham que fazer um esfor\u00e7o para olhar para longe, para o horizonte. A possibilidade de trabalhar dentro do c\u00e1rcere para mim tem um grande significado. Antes eu dedicava-me a atividades ilegais, mas aquilo que eu fazia era como gelo ao sol, que se derrete num instante. Ao contr\u00e1rio, trabalhar, organizar manifesta\u00e7\u00f5es desportivas ou iniciativas em favor dos detentos vale cem vezes mais do que um sal\u00e1rio\u201d\u00bb.  <strong>Continua o Raffaele: \u00abComo Jovens por um Mundo Unido estamos vivendo uma experi\u00eancia humana muito forte:<\/strong> a determina\u00e7\u00e3o da pol\u00edcia penitenci\u00e1ria de entregar todos os objetos pessoais antes de entrar no c\u00e1rcere ressoa, cada vez, como um convite a abandonar tamb\u00e9m os preconceitos, superando as barreiras entre o mundo externo e o c\u00e1rcere, para construir um relacionamento aut\u00eantico com as pessoas detentas, a tal ponto que nos chamam de \u201cComit\u00ea externo\u201d. <strong>Come\u00e7amos tamb\u00e9m um \u201cProjeto sobre a legalidade\u201d<\/strong> com uma s\u00e9rie de encontros tem\u00e1ticos dentro do c\u00e1rcere. Em plena sintonia com as educadoras, os detentos e com a ajuda de especialistas, escolhemos alguns temas para serem apresentados, como as rela\u00e7\u00f5es interpessoais, a integra\u00e7\u00e3o entre culturas, a \u201clegalidade do n\u00f3s\u201d, a redescoberta das pr\u00f3prias habilidades e a reinser\u00e7\u00e3o profissional\u00bb.  <strong>\u00abPor ocasi\u00e3o da festa dos pais, no dia 19 de mar\u00e7o, convidamos o psic\u00f3logo Ezio Aceti para falar sobre a \u201cgenitorialidade\u201d para cerca de setenta detentos<\/strong> no teatro do instituto penitenci\u00e1rio, focalizando as espectativas e as necessidades da crian\u00e7a. \u201cTer consci\u00eancia dos pensamentos e das preocupa\u00e7\u00f5es do outro, dizer a verdade, mostrar uma imagem positiva &#8211; explicou Aceti &#8211; s\u00e3o os pressuppostos necess\u00e1rios para que o encontro entre os detentos e os filhos possa ter resultados positivos\u201d.  <strong>Durante o debate um dos detentos perguntou: \u201cO que \u00e9 que pode dizer para a sua filha um pai condenado \u00e0 pris\u00e3o perp\u00e9tua?\u201d.<\/strong>\u201cPode dizer que seu pai errou, mas est\u00e1 fazendo de tudo para melhorar\u201d foi a resposta. \u201cSe sua filha v\u00ea no pai a coer\u00eancia e a coragem de reerguer-se, ter\u00e1 esta imagem do seu pai\u201d. E ainda: \u201cGenitorialidade \u00e9 manter viva uma liga\u00e7\u00e3o. \u00c8 preciso transmitir aos filhos um sentimento de perten\u00e7a. Deste modo ir\u00e3o viver uma experi\u00eancia positiva e ir\u00e3o recordar-se do pai que est\u00e1 no c\u00e1rcere\u201d. O psic\u00f3logo chamou a aten\u00e7\u00e3o dos detentos: \u201cEducar um filho n\u00e3o quer dizer n\u00e3o errar, mas dar o m\u00e1ximo de si apesar dos erros. Isto ensinar\u00e1 aos filhos a toler\u00e2ncia. Voc\u00eas podem ser bons pais mesmo se erraram. No fundo todos n\u00f3s sentimo-nos muitas vezes sem coragem, mas dentro do nosso cora\u00e7\u00e3o uma outra voz diz: reergue-te, recome\u00e7a.<strong> N\u00e3o importa quantas vezes voc\u00eas erraram, mas quantas vezes recome\u00e7aram.<\/strong> O milagre acontecer\u00e1 de tanto recome\u00e7ar, de tanto reerguer-se: acontecer\u00e1 uma mudan\u00e7a\u201d\u00bb.<\/p>\n","protected":false},"excerpt":{"rendered":"<p>Um grupo de jovens dos Focolares, a administra\u00e7\u00e3o penitenci\u00e1ria do C\u00e1rcere para adultos de Rebibbia e uma comiss\u00e3o de detentos. Em Roma, a hist\u00f3ria de uma frutuosa colabora\u00e7\u00e3o que continua.<\/p>\n","protected":false},"author":34,"featured_media":0,"comment_status":"open","ping_status":"open","sticky":false,"template":"","format":"standard","meta":{"give_campaign_id":0,"_seopress_robots_primary_cat":"","_seopress_titles_title":"","_seopress_titles_desc":"","_seopress_robots_index":"","_et_pb_use_builder":"","_et_pb_old_content":"","_et_gb_content_width":"","footnotes":""},"categories":[909],"tags":[],"class_list":["post-316358","post","type-post","status-publish","format-standard","hentry","category-focolare-worldwide-2-4"],"_links":{"self":[{"href":"https:\/\/www.focolare.org\/pt-pt\/wp-json\/wp\/v2\/posts\/316358","targetHints":{"allow":["GET"]}}],"collection":[{"href":"https:\/\/www.focolare.org\/pt-pt\/wp-json\/wp\/v2\/posts"}],"about":[{"href":"https:\/\/www.focolare.org\/pt-pt\/wp-json\/wp\/v2\/types\/post"}],"author":[{"embeddable":true,"href":"https:\/\/www.focolare.org\/pt-pt\/wp-json\/wp\/v2\/users\/34"}],"replies":[{"embeddable":true,"href":"https:\/\/www.focolare.org\/pt-pt\/wp-json\/wp\/v2\/comments?post=316358"}],"version-history":[{"count":0,"href":"https:\/\/www.focolare.org\/pt-pt\/wp-json\/wp\/v2\/posts\/316358\/revisions"}],"wp:attachment":[{"href":"https:\/\/www.focolare.org\/pt-pt\/wp-json\/wp\/v2\/media?parent=316358"}],"wp:term":[{"taxonomy":"category","embeddable":true,"href":"https:\/\/www.focolare.org\/pt-pt\/wp-json\/wp\/v2\/categories?post=316358"},{"taxonomy":"post_tag","embeddable":true,"href":"https:\/\/www.focolare.org\/pt-pt\/wp-json\/wp\/v2\/tags?post=316358"}],"curies":[{"name":"wp","href":"https:\/\/api.w.org\/{rel}","templated":true}]}}