{"id":316506,"date":"2018-06-04T23:10:50","date_gmt":"2018-06-04T21:10:50","guid":{"rendered":"https:\/\/www.focolare.org\/novo-reitor-da-pul\/"},"modified":"2024-05-15T21:07:19","modified_gmt":"2024-05-15T19:07:19","slug":"novo-reitor-da-pul","status":"publish","type":"post","link":"https:\/\/www.focolare.org\/pt-pt\/novo-reitor-da-pul\/","title":{"rendered":"Novo Reitor da PUL"},"content":{"rendered":"<p><img alt=\"\" alt=\"\" loading=\"lazy\" decoding=\"async\" class=\"alignright wp-image-166764\" src=\"https:\/\/www.focolare.org\/wp-content\/uploads\/2018\/06\/VincenzoBuonomo.jpg\" alt=\"\" width=\"330\" height=\"220\" \/>Grande satisfa\u00e7\u00e3o tamb\u00e9m no <a href=\"http:\/\/www.sophiauniversity.org\/it\/\" target=\"_blank\" rel=\"noopener\">Instituto Universit\u00e1rio Sophia<\/a> de Loppiano. O novo reitor da <a href=\"https:\/\/www.pul.it\/it\/\" target=\"_blank\" rel=\"noopener\">Pontif\u00edcia Universidade Lateranense<\/a> (PUL), rec\u00e9m nomeado pelo <strong>Papa Francisco<\/strong>, \u00e9 tamb\u00e9m \u201cvisiting professor\u201d do Instituto Universit\u00e1rio.<strong> Vincenzo Buonomo, jurista e internacionalista, a partir do dia 1\u00ba de julho \u00e9 o primeiro leigo na condu\u00e7\u00e3o do ateneu pontif\u00edcio<\/strong>, sucedendo ao bispo Enrico dal Covolo.  <strong>Nascido em 1961, casado e com dois filhos, Buonomo tem uma liga\u00e7\u00e3o que data de longa \u00e9poca com a Universidade,<\/strong> inicialmente como estudante, com um doutorado em <em>Utroque Iure<\/em>, em seguida se especializando em Direito Internacional, com um Diploma de Prepara\u00e7\u00e3o \u00e0 Carreira Diplom\u00e1tica, e depois como docente, desde 1984, at\u00e9 o cargo de catedr\u00e1tico obtido em 2001. Diretor da faculdade de Direito Civil, de 2006 a 2012, atualmente \u00e9 coordenador dos Doutorados da mesma Faculdade. Em 2007, Buonomo exerceu o cargo de chefe de departamento na Representa\u00e7\u00e3o da Santa S\u00e9 junto a Organiza\u00e7\u00f5es e \u00d3rg\u00e3os das Na\u00e7\u00f5es Unidas para a Alimenta\u00e7\u00e3o e a Agricultura (Fao, Ifad, Pam), com quem come\u00e7ou a colaborar em 1983. Al\u00e9m disso, de 2000 a 2005 foi consultor da Comiss\u00e3o para o di\u00e1logo com os mu\u00e7ulmanos do Pontif\u00edcio Conselho para o di\u00e1logo inter-religioso. Desde 2014, \u00e9 conselheiro do Estado da Cidade do Vaticano.<\/p>\n","protected":false},"excerpt":{"rendered":"<p>Grande satisfa\u00e7\u00e3o tamb\u00e9m no Instituto Universit\u00e1rio Sophia de Loppiano. O novo reitor da Pontif\u00edcia Universidade Lateranense (PUL), rec\u00e9m nomeado pelo Papa Francisco, \u00e9 tamb\u00e9m \u201cvisiting professor\u201d do Instituto Universit\u00e1rio. Vincenzo Buonomo, jurista e internacionalista, a partir do dia 1\u00ba de julho \u00e9 o primeiro leigo na condu\u00e7\u00e3o do ateneu pontif\u00edcio, sucedendo ao bispo Enrico dal [&hellip;]<\/p>\n","protected":false},"author":34,"featured_media":0,"comment_status":"open","ping_status":"open","sticky":false,"template":"","format":"standard","meta":{"give_campaign_id":0,"_seopress_robots_primary_cat":"","_seopress_titles_title":"","_seopress_titles_desc":"","_seopress_robots_index":"","_et_pb_use_builder":"","_et_pb_old_content":"","_et_gb_content_width":"","footnotes":""},"categories":[909],"tags":[],"class_list":["post-316506","post","type-post","status-publish","format-standard","hentry","category-focolare-worldwide-2-4"],"_links":{"self":[{"href":"https:\/\/www.focolare.org\/pt-pt\/wp-json\/wp\/v2\/posts\/316506","targetHints":{"allow":["GET"]}}],"collection":[{"href":"https:\/\/www.focolare.org\/pt-pt\/wp-json\/wp\/v2\/posts"}],"about":[{"href":"https:\/\/www.focolare.org\/pt-pt\/wp-json\/wp\/v2\/types\/post"}],"author":[{"embeddable":true,"href":"https:\/\/www.focolare.org\/pt-pt\/wp-json\/wp\/v2\/users\/34"}],"replies":[{"embeddable":true,"href":"https:\/\/www.focolare.org\/pt-pt\/wp-json\/wp\/v2\/comments?post=316506"}],"version-history":[{"count":0,"href":"https:\/\/www.focolare.org\/pt-pt\/wp-json\/wp\/v2\/posts\/316506\/revisions"}],"wp:attachment":[{"href":"https:\/\/www.focolare.org\/pt-pt\/wp-json\/wp\/v2\/media?parent=316506"}],"wp:term":[{"taxonomy":"category","embeddable":true,"href":"https:\/\/www.focolare.org\/pt-pt\/wp-json\/wp\/v2\/categories?post=316506"},{"taxonomy":"post_tag","embeddable":true,"href":"https:\/\/www.focolare.org\/pt-pt\/wp-json\/wp\/v2\/tags?post=316506"}],"curies":[{"name":"wp","href":"https:\/\/api.w.org\/{rel}","templated":true}]}}