{"id":316516,"date":"2018-06-07T23:10:51","date_gmt":"2018-06-07T21:10:51","guid":{"rendered":"https:\/\/www.focolare.org\/cultura-as-em-dialogo\/"},"modified":"2024-05-15T21:07:20","modified_gmt":"2024-05-15T19:07:20","slug":"cultura-as-em-dialogo","status":"publish","type":"post","link":"https:\/\/www.focolare.org\/pt-pt\/cultura-as-em-dialogo\/","title":{"rendered":"Cultura\/as em di\u00e1logo"},"content":{"rendered":"<p><img alt=\"\" alt=\"\" loading=\"lazy\" decoding=\"async\" class=\"alignleft wp-image-166860\" src=\"https:\/\/www.focolare.org\/wp-content\/uploads\/2018\/06\/Newsletter_Inondazioni_Page_01.jpg\" alt=\"\" width=\"280\" height=\"398\" \/><strong>Qual cultura, qual unidade?<\/strong>  A nova newsletter nasce do desejo de falar do caminho que se est\u00e1 fazendo em 12 campos da cultura, que se interrogam, buscam e desafiam diante do horizonte da unidade, no sulco do <a href=\"https:\/\/www.focolare.org\/pt\/chiara-lubich\/chi-e-chiara\/\">carisma de Chiara Lubich.<\/a>  Arte, Pedagogia, Direito, Ecologia, Esporte, Economia, Sociologia, Medicina, Arquitetura, Pol\u00edtica, Psicologia, Comunica\u00e7\u00e3o.  Se o nosso planeta est\u00e1 atravessando uma \u201cmudan\u00e7a de \u00e9poca\u201d, como tamb\u00e9m o Papa Francisco afirmou recentemente, a perspectiva da unidade abre um horizonte novo aos diferentes mundos da cultura, horizonte, em muitos \u00e2ngulos, inexplorado e fascinante.  No primeiro n\u00famero fala-se de algumas iniciativas e dos eventos mais significativos de cada campo \u201cem di\u00e1logo\u201d.  ________________________________________________________________  <strong>Para maiores informa\u00e7\u00f5es:<\/strong>  Centro para o di\u00e1logo com a Cultura (Movimento dos Focolares)  <a href=\"mailto:centrodialogo.cultura@focolare.org\">centrodialogo.cultura@focolare.org<\/a>  tel. +39.06.945407201 &#8211; Via Piave, 15 &#8211; 00049 Grottaferrata (Roma &#8211; It\u00e1lia)  ________________________________________________________________  CONTATOS  <a href=\"http:\/\/comunionediritto.org\/br\/\" target=\"_blank\" rel=\"noopener\">Comunh\u00e3o e Direito<\/a> &#8211; info@comunionediritto.org <a href=\"http:\/\/www.edc-online.org\/br\/\" target=\"_blank\" rel=\"noopener\">Economia de Comunh\u00e3o<\/a> &#8211; info@edc-online.org <a href=\"http:\/\/www.social-one.org\/en\/\" target=\"_blank\" rel=\"noopener\">Social-One<\/a> &#8211; info@social-one.org <a href=\"http:\/\/www.ecoone.org\/it\/\" target=\"_blank\" rel=\"noopener\">Eco-One<\/a> -luca.fiorani@gmail.com <a href=\"https:\/\/www.dialoghinarchitettura.org\/\" target=\"_blank\" rel=\"noopener\">Dialoghi in Architettura<\/a> &#8211; segr.architettura@focolare.org <a href=\"http:\/\/www.net-one.org\/\" target=\"_blank\" rel=\"noopener\">NetOne<\/a> \u2013 netone@net-one.org &#8211; <a href=\"http:\/\/www.mppu.org\/pt\/\" target=\"_blank\" rel=\"noopener\">Movimento Pol\u00edtico pela Unidade<\/a> &#8211; info@mppu.org <a href=\"http:\/\/www.psy-com.org\/en\/\" target=\"_blank\" rel=\"noopener\">Psicologia e comunh\u00e3o<\/a> &#8211; pedagogia@focolare.org <a href=\"http:\/\/www.healthdialogueculture.org\/pt\/\" target=\"_blank\" rel=\"noopener\">Health Dialogue Culture<\/a> &#8211; healthdialogueculture@gmail.com Clart\u00e9 &#8211; clarte.international@gmail.com <a href=\"http:\/\/www.sportmeet.org\/it\/\" target=\"_blank\" rel=\"noopener\">Sportmeet<\/a> &#8211; info@sportmeet.org <a href=\"http:\/\/www.eduforunity.org\/\" target=\"_blank\" rel=\"noopener\">EDU<\/a> &#8211; pedagogia@focolare.org<\/p>\n","protected":false},"excerpt":{"rendered":"<p>Saiu o primeiro n\u00famero da newsletter dedicada ao di\u00e1logo que o Movimento dos Focolares fomenta nos diferentes \u00e2mbitos da cultura. Fatos, encontros, projetos e not\u00edcias na perspectiva da unidade.<\/p>\n","protected":false},"author":34,"featured_media":0,"comment_status":"open","ping_status":"open","sticky":false,"template":"","format":"standard","meta":{"give_campaign_id":0,"_seopress_robots_primary_cat":"","_seopress_titles_title":"","_seopress_titles_desc":"","_seopress_robots_index":"","_et_pb_use_builder":"","_et_pb_old_content":"","_et_gb_content_width":"","footnotes":""},"categories":[129],"tags":[],"class_list":["post-316516","post","type-post","status-publish","format-standard","hentry","category-sem-categoria"],"_links":{"self":[{"href":"https:\/\/www.focolare.org\/pt-pt\/wp-json\/wp\/v2\/posts\/316516","targetHints":{"allow":["GET"]}}],"collection":[{"href":"https:\/\/www.focolare.org\/pt-pt\/wp-json\/wp\/v2\/posts"}],"about":[{"href":"https:\/\/www.focolare.org\/pt-pt\/wp-json\/wp\/v2\/types\/post"}],"author":[{"embeddable":true,"href":"https:\/\/www.focolare.org\/pt-pt\/wp-json\/wp\/v2\/users\/34"}],"replies":[{"embeddable":true,"href":"https:\/\/www.focolare.org\/pt-pt\/wp-json\/wp\/v2\/comments?post=316516"}],"version-history":[{"count":0,"href":"https:\/\/www.focolare.org\/pt-pt\/wp-json\/wp\/v2\/posts\/316516\/revisions"}],"wp:attachment":[{"href":"https:\/\/www.focolare.org\/pt-pt\/wp-json\/wp\/v2\/media?parent=316516"}],"wp:term":[{"taxonomy":"category","embeddable":true,"href":"https:\/\/www.focolare.org\/pt-pt\/wp-json\/wp\/v2\/categories?post=316516"},{"taxonomy":"post_tag","embeddable":true,"href":"https:\/\/www.focolare.org\/pt-pt\/wp-json\/wp\/v2\/tags?post=316516"}],"curies":[{"name":"wp","href":"https:\/\/api.w.org\/{rel}","templated":true}]}}