{"id":316536,"date":"2018-06-14T08:00:34","date_gmt":"2018-06-14T06:00:34","guid":{"rendered":"https:\/\/www.focolare.org\/sinodo-para-a-amazonia\/"},"modified":"2024-05-15T21:07:24","modified_gmt":"2024-05-15T19:07:24","slug":"sinodo-para-a-amazonia","status":"publish","type":"post","link":"https:\/\/www.focolare.org\/pt-pt\/sinodo-para-a-amazonia\/","title":{"rendered":"S\u00ednodo para a Amaz\u00f4nia"},"content":{"rendered":"<p><strong><img alt=\"\" alt=\"\" loading=\"lazy\" decoding=\"async\" class=\"alignleft wp-image-167160\" src=\"https:\/\/www.focolare.org\/wp-content\/uploads\/2018\/06\/PanAmazonSynod-a.jpeg\" alt=\"\" width=\"320\" height=\"204\" \/>No dia oito de junho foi publicado o Documento Preparat\u00f3rio da Santa S\u00e9 em vista do S\u00ednodo dos bispos para regi\u00e3o Pan-Amaz\u00f4nica<\/strong>, j\u00e1 anunciado em outubro de 2017, que acontecer\u00e1 em Roma no m\u00eas de outubro de 2019. O texto, dispon\u00edvel no <a href=\"http:\/\/press.vatican.va\/content\/salastampa\/it\/bollettino\/pubblico\/2018\/06\/08\/0422\/00914.html#po\" target=\"_blank\" rel=\"noopener\">www.vatican.va<\/a> em italiano, franc\u00eas, ingl\u00eas, espanhol e portugu\u00eas, est\u00e1 dividido em tr\u00eas partes: ver (\u201cIdentidade e grito da Amaz\u00f4nia\u201d), discernir (\u201cRumo a uma convers\u00e3o pastoral e ecol\u00f3gica\u201d), agir (\u201cNovos caminhos para uma Igreja com o rosto amaz\u00f4nico\u201d).  <strong>\u00abAs reflex\u00f5es do S\u00ednodo Especial<\/strong> \u2013 afirma o Documento na parte introdut\u00f3ria &#8211; <strong>superam o \u00e2mbito estritamente eclesial amaz\u00f4nico<\/strong>, por serem relevantes para a Igreja universal e para o futuro de todo o planeta. Partimos de um territ\u00f3rio espec\u00edfico, do qual se quer fazer uma ponte para outros biomas essenciais do nosso mundo: Bacia Fluvial do Congo, corredor biol\u00f3gico mesoamericano, florestas tropicais da \u00c1sia Pac\u00edfica e Aqu\u00edfero Guarani, entre outros. Tamb\u00e9m para a Igreja universal \u00e9 de vital import\u00e2ncia escutar os povos ind\u00edgenas e todas as comunidades que vivem na Amaz\u00f4nia, como os primeiros interlocutores deste S\u00ednodo\u00bb.<\/p>\n","protected":false},"excerpt":{"rendered":"<p>No dia oito de junho foi publicado o Documento Preparat\u00f3rio da Santa S\u00e9 em vista do S\u00ednodo dos bispos para regi\u00e3o Pan-Amaz\u00f4nica, j\u00e1 anunciado em outubro de 2017, que acontecer\u00e1 em Roma no m\u00eas de outubro de 2019. O texto, dispon\u00edvel no www.vatican.va em italiano, franc\u00eas, ingl\u00eas, espanhol e portugu\u00eas, est\u00e1 dividido em tr\u00eas partes: [&hellip;]<\/p>\n","protected":false},"author":34,"featured_media":0,"comment_status":"open","ping_status":"open","sticky":false,"template":"","format":"standard","meta":{"give_campaign_id":0,"_seopress_robots_primary_cat":"","_seopress_titles_title":"","_seopress_titles_desc":"","_seopress_robots_index":"","_et_pb_use_builder":"","_et_pb_old_content":"","_et_gb_content_width":"","footnotes":""},"categories":[129],"tags":[],"class_list":["post-316536","post","type-post","status-publish","format-standard","hentry","category-sem-categoria"],"_links":{"self":[{"href":"https:\/\/www.focolare.org\/pt-pt\/wp-json\/wp\/v2\/posts\/316536","targetHints":{"allow":["GET"]}}],"collection":[{"href":"https:\/\/www.focolare.org\/pt-pt\/wp-json\/wp\/v2\/posts"}],"about":[{"href":"https:\/\/www.focolare.org\/pt-pt\/wp-json\/wp\/v2\/types\/post"}],"author":[{"embeddable":true,"href":"https:\/\/www.focolare.org\/pt-pt\/wp-json\/wp\/v2\/users\/34"}],"replies":[{"embeddable":true,"href":"https:\/\/www.focolare.org\/pt-pt\/wp-json\/wp\/v2\/comments?post=316536"}],"version-history":[{"count":0,"href":"https:\/\/www.focolare.org\/pt-pt\/wp-json\/wp\/v2\/posts\/316536\/revisions"}],"wp:attachment":[{"href":"https:\/\/www.focolare.org\/pt-pt\/wp-json\/wp\/v2\/media?parent=316536"}],"wp:term":[{"taxonomy":"category","embeddable":true,"href":"https:\/\/www.focolare.org\/pt-pt\/wp-json\/wp\/v2\/categories?post=316536"},{"taxonomy":"post_tag","embeddable":true,"href":"https:\/\/www.focolare.org\/pt-pt\/wp-json\/wp\/v2\/tags?post=316536"}],"curies":[{"name":"wp","href":"https:\/\/api.w.org\/{rel}","templated":true}]}}