{"id":316550,"date":"2018-06-18T23:10:20","date_gmt":"2018-06-18T21:10:20","guid":{"rendered":"https:\/\/www.focolare.org\/uma-emergencia-sem-fim\/"},"modified":"2024-05-15T21:07:27","modified_gmt":"2024-05-15T19:07:27","slug":"uma-emergencia-sem-fim","status":"publish","type":"post","link":"https:\/\/www.focolare.org\/pt-pt\/uma-emergencia-sem-fim\/","title":{"rendered":"Uma emerg\u00eancia sem fim"},"content":{"rendered":"<p><strong>Ap\u00f3s as erup\u00e7\u00f5es do dia 3 de junho, que n\u00e3o deram o tempo para fugir a muit\u00edssimos habitantes das aldeias situadas nas encostas do vulc\u00e3o del Fuego<\/strong>, continuadas com menor intensidade nos dias seguintes, agora o perigo maior parece representado pelas cont\u00ednuas avalanches de lama, detritos e cinzas incandescentes, chamados \u201cLahar\u201d. Descem em velocidade alt\u00edssima do cone del Fuego, com uma pot\u00eancia tal a ponto de desenraizar e cobrir tudo o que encontram na sua trajet\u00f3ria, provocando fortes vibra\u00e7\u00f5es semelhantes a terremotos. <strong>A Coordena\u00e7\u00e3o Nacional para a Redu\u00e7\u00e3o dos Desastres<\/strong> confirmou tamb\u00e9m nos dias passados o estado de alerta para tr\u00eas distritos, fornecendo informa\u00e7\u00f5es atualizadas sobre os desaparecidos e os centros de acolhida e hot\u00e9is que com grande generosidade est\u00e3o abrindo as suas portas.  <strong>Ali trabalha tamb\u00e9m Lourdes Barrientos<\/strong>. \u00abUma das minhas fun\u00e7\u00f5es \u2013 explica \u2013 \u00e9 a do treinamento e organiza\u00e7\u00e3o das comunidades em resposta \u00e0s emerg\u00eancias e aos desastres. <strong>Agora estamos vivendo esta emerg\u00eancia, que trouxe dor, perdas e mortes em muitas fam\u00edlias que viviam nas proximidades do vulc\u00e3o<\/strong>, especialmente nas comunidades de Chimaltenango, Escuintila e Sacatep\u00e9quez\u00bb, os distritos onde o alerta permanece \u201cvermelho\u201d, isto \u00e9, no n\u00edvel mais alto. Enquanto continua, dolorosamente, a contagem das pessoas encontradas sem vida, na sede central da ag\u00eancia, a Cidade da Guatemala, a capital, se organizam as ajudas.  <strong>\u00abProcuro ir al\u00e9m do meu cansa\u00e7o para desempenhar plenamente as diversas tarefas que me s\u00e3o atribu\u00eddas<\/strong>. No in\u00edcio n\u00e3o era simples, porque me parecia n\u00e3o fazer nada diretamente pela minha gente e pelas v\u00edtimas, e que estava perdendo tempo permanecendo na sede central. De fato, diante dos grandes problemas que as institui\u00e7\u00f5es se acham enfrentando, o meu trabalho consiste em recolher todo g\u00eanero de informa\u00e7\u00e3o sobre as comunidades atingidas. Esta situa\u00e7\u00e3o me desanimava, sabendo que <strong>os meus colegas, ao inv\u00e9s, se encontravam no \u201cponto zero\u201d, ou seja, nos locais do desastre do dia 3 de junho, na tentativa de encontrar outros corpos e socorrer as v\u00edtimas<\/strong>. Sabia que estavam cansados, que estavam empenhados na organiza\u00e7\u00e3o e na acolhida nos hot\u00e9is, e tudo isto enquanto eu estava sentada num escrit\u00f3rio. Al\u00e9m do mais eu continuava a receber mensagens de amigos e conhecidos, das minhas amigas<a href=\"https:\/\/www.focolare.org\/pt\/movimento-dei-focolari\/scelte-e-impegno\/gen\/\"> gen<\/a> e da minha fam\u00edlia, nas quais me perguntavam se eu estava bem e se me encontrava na zona do desastre. <strong>Depois entendi a import\u00e2ncia de empenhar toda eu mesma,<\/strong> em qualquer lugar que eu me encontrasse trabalhando, sem nunca perder a paci\u00eancia, embora estejam todos cansados e nervosos.  Estamos todos na linha de frente. Al\u00e9m disso, posso oferecer o que fa\u00e7o pelos meus colegas que est\u00e3o em campo, em especial por um que perdeu a vida durante as opera\u00e7\u00f5es de socorro. De toda parte chegam pedidos de informa\u00e7\u00f5es sobre as v\u00edtimas, existe muita dor, onde quer que seja, necessidade de todo g\u00eanero. Muitas pessoas oferecem ajudas, muitos hot\u00e9is abriram as porte. <strong>Sente-se o amor concreto de muita gente. Isto nos d\u00e1 a for\u00e7a para continuar\u00bb.<\/strong><\/p>\n","protected":false},"excerpt":{"rendered":"<p>Da Guatemala escreve Lourdes Barrientos, dos Focolares, empregada na CONRED (Coordena\u00e7\u00e3o Nacional para a Redu\u00e7\u00e3o dos Desastres). Al\u00e9m do sentido de impot\u00eancia diante de uma trag\u00e9dia enorme, \u201ca import\u00e2ncia de empenhar toda eu mesma\u201d.<\/p>\n","protected":false},"author":34,"featured_media":0,"comment_status":"open","ping_status":"open","sticky":false,"template":"","format":"standard","meta":{"give_campaign_id":0,"_seopress_robots_primary_cat":"","_seopress_titles_title":"","_seopress_titles_desc":"","_seopress_robots_index":"","_et_pb_use_builder":"","_et_pb_old_content":"","_et_gb_content_width":"","footnotes":""},"categories":[129],"tags":[],"class_list":["post-316550","post","type-post","status-publish","format-standard","hentry","category-sem-categoria"],"_links":{"self":[{"href":"https:\/\/www.focolare.org\/pt-pt\/wp-json\/wp\/v2\/posts\/316550","targetHints":{"allow":["GET"]}}],"collection":[{"href":"https:\/\/www.focolare.org\/pt-pt\/wp-json\/wp\/v2\/posts"}],"about":[{"href":"https:\/\/www.focolare.org\/pt-pt\/wp-json\/wp\/v2\/types\/post"}],"author":[{"embeddable":true,"href":"https:\/\/www.focolare.org\/pt-pt\/wp-json\/wp\/v2\/users\/34"}],"replies":[{"embeddable":true,"href":"https:\/\/www.focolare.org\/pt-pt\/wp-json\/wp\/v2\/comments?post=316550"}],"version-history":[{"count":0,"href":"https:\/\/www.focolare.org\/pt-pt\/wp-json\/wp\/v2\/posts\/316550\/revisions"}],"wp:attachment":[{"href":"https:\/\/www.focolare.org\/pt-pt\/wp-json\/wp\/v2\/media?parent=316550"}],"wp:term":[{"taxonomy":"category","embeddable":true,"href":"https:\/\/www.focolare.org\/pt-pt\/wp-json\/wp\/v2\/categories?post=316550"},{"taxonomy":"post_tag","embeddable":true,"href":"https:\/\/www.focolare.org\/pt-pt\/wp-json\/wp\/v2\/tags?post=316550"}],"curies":[{"name":"wp","href":"https:\/\/api.w.org\/{rel}","templated":true}]}}