{"id":316572,"date":"2018-06-28T23:10:39","date_gmt":"2018-06-28T21:10:39","guid":{"rendered":"https:\/\/www.focolare.org\/mente-coracao-maos-pela-fraternidade\/"},"modified":"2024-05-15T21:07:31","modified_gmt":"2024-05-15T19:07:31","slug":"mente-coracao-maos-pela-fraternidade","status":"publish","type":"post","link":"https:\/\/www.focolare.org\/pt-pt\/mente-coracao-maos-pela-fraternidade\/","title":{"rendered":"Mente, cora\u00e7\u00e3o, m\u00e3os pela fraternidade"},"content":{"rendered":"<p><strong><img alt=\"\" alt=\"\" loading=\"lazy\" decoding=\"async\" class=\"alignleft wp-image-167907\" src=\"https:\/\/www.focolare.org\/wp-content\/uploads\/2018\/06\/PreGenfest_Cuba.jpg\" alt=\"\" width=\"360\" height=\"360\" \/>Nas periferias de grandes megal\u00f3poles ou em pequenas aldeias rurais, em bairros marginalizados e perif\u00e9ricos,<\/strong> dentro de orfanatos ou pris\u00f5es, ou ent\u00e3o ao longo de uma praia tur\u00edstica a ser limpada, sempre em contato direto com a popula\u00e7\u00e3o local. Quatrocentos jovens est\u00e3o se preparando assim, em vinte diferentes localidades do sudeste asi\u00e1tico, para o <a href=\"http:\/\/y4uw.org\/events\/genfest-2018\/\" target=\"_blank\" rel=\"noopener\">Genfest 2018<\/a>, que abrir\u00e1 os batentes no pr\u00f3ximo dia 6 de julho no \u201cWorld Trade Center\u201d de Manila, com workshops distribu\u00eddos em diversas universidades da grande cidade filipina. Uma semana de empenho social e de interc\u00e2mbios no rastro da interculturalidade, que antecipa o esp\u00edrito de uma manifesta\u00e7\u00e3o da qual participar\u00e3o seis mil jovens de v\u00e1rias partes do mundo. Uma grande oportunidade para experimentar concretamente o abatimento das fronteiras, antes de tudo as culturais, e para interagir com pessoas de culturas e religi\u00f5es diferentes. <strong>Tudo isto \u00e9 o \u201cpr\u00e9-Genfest\u201d.<\/strong>  \u00abO seu objetivo \u2013 explica Rom\u00e8 Vital, um dos coordenadores deste empreendimento \u2013 \u00e9 o <strong>de oferecer a estes jovens, que est\u00e3o para participar do Genfest de Manila, a oportunidade de fazer uma experi\u00eancia concreta \u201cem miniatura\u201d de fraternidade universal.<\/strong> E \u00e9 tamb\u00e9m o de abri-los para as realidades sociais distantes muitos quil\u00f4metros do seu pa\u00eds de origem. Quisemos oferecer a eles a possibilidade de saber mais sobre as diversidades culturais presentes na \u00c1sia\u00bb. Um grupo de jovens est\u00e1 fazendo experi\u00eancia da vida fren\u00e9tica dos bairros perif\u00e9ricos de megal\u00f3poles como Hong Kong e Seul; <strong>outros est\u00e3o visitando \u00e1reas rurais em Masbate ou em Pangasinan, nas Filipinas;<\/strong> outros ainda est\u00e3o fazendo uma experi\u00eancia de di\u00e1logo inter-religioso, como em Chiang Mai (na Tail\u00e2ndia), em Medan (Indon\u00e9sia) e em Yangon (no Myanmar). <strong>Em Coimbatore, na \u00cdndia, esta experi\u00eancia intercultural e inter-religiosa \u00e9 guiada pelo lema de Gandhi \u201cseja a mudan\u00e7a que voc\u00ea quer ver\u201d,<\/strong> enquanto que em Taipei (Taiwan) os jovens est\u00e3o interagindo com os habitantes ind\u00edgenas da ilha. Em Aklan, nas Filipinas, est\u00e1 se realizando uma aut\u00eantica \u201cimers\u00e3o\u201d na cultura da comunidade de Atis (Aetas), tribo que se pensa que esteja entre as origin\u00e1rias da ilha de Boracay. <strong>Mas tamb\u00e9m existem iniciativas baseadas na ecologia e na prote\u00e7\u00e3o do territ\u00f3rio, como em Hanoi, no Vietn\u00e3<\/strong>, onde os jovens est\u00e3o participando da colheita do arroz, ou em Palawan, famosa localidade tur\u00edstica das Filipinas, onde um grupo est\u00e1 limpando algumas praias\u00bb.  \u00abEm muitas localidades \u2013 continua Vital \u2013 um percurso sociocultural ajuda a entrar profundamente na hist\u00f3ria daquele pa\u00eds. \u00c9 o caso de Seul, na Coreia, onde os jovens presentes est\u00e3o aprofundando os eventos que levaram \u00e0 divis\u00e3o entre Coreia do Norte e do Sul, guiados por especialistas que conduzem <strong>workshops sobre a paz, export\u00e1veis para qualquer latitude.<\/strong> Tamb\u00e9m outras localidades acolheram os jovens, como Mumbai (na \u00cdndia), Ho Chi Min (no Vietn\u00e3), Bangkok (na Tail\u00e2ndia), al\u00e9m de diversas cidades das Filipinas como Baguio, Cebu, Dumaguete, La Union e Tacloban. Fundamental na prepara\u00e7\u00e3o da semana foi a colabora\u00e7\u00e3o com organiza\u00e7\u00f5es como \u201cBukas Palad\u201d e \u201cFazenda da Esperan\u00e7a\u201d, nas Filipinas, e \u201cShanti Ashram\u201d, na \u00cdndia\u00bb.  \u00abEsta semana \u201cpr\u00e9-Genfest\u201d ter\u00e1 um impacto indel\u00e9vel na vida dos jovens que est\u00e3o participando dela, porque a constru\u00e7\u00e3o de um mundo unido come\u00e7a sempre com a\u00e7\u00f5es concretas, como disse recentemente, durante a sua visita a Loppiano, no dia 10 de maio passado, tamb\u00e9m o Papa Francisco: \u201c\u00e9 preciso treinar para usar juntas as tr\u00eas linguagens: a da cabe\u00e7a, a do cora\u00e7\u00e3o e a das m\u00e3os\u201d. Este \u00e9 um elemento fundamental na forma\u00e7\u00e3o das novas gera\u00e7\u00f5es. Na mesma ocasi\u00e3o, o Papa convidou o Movimento dos Focolares para se colocar \u201ca servi\u00e7o de todos, com o olhar que abra\u00e7a toda a humanidade, come\u00e7ando por aqueles que de algum modo est\u00e3o relegados \u00e0s periferias da exist\u00eancia\u201d. <strong>Quando chegarem a Manila para o Genfest, estes jovens j\u00e1 ter\u00e3o experimentado em pequena escala o que significa \u201cfraternidade universal\u201d,<\/strong> porque o mundo unido precisa das m\u00e3os de todos. A\u00ed sim que ser\u00e1 uma verdadeira \u201cexperi\u00eancia de Deus\u201d. E este \u00e9 o objetivo para o qual nasceu o Genfest\u00bb.  <em>Mar\u00eda Clara Ram\u00edrez<\/em>  <a href=\"https:\/\/www.facebook.com\/genfest\/videos\/1823618791038715\/\" target=\"_blank\" rel=\"noopener\"><span id=\"result_box\" class=\"short_text\" lang=\"pt\"><span class=\"\">Veja o video<\/span><\/span><\/a><\/p>\n","protected":false},"excerpt":{"rendered":"<p><img loading=\"lazy\" decoding=\"async\" class=\"alignright wp-image-154777\" src=\"https:\/\/www.focolare.org\/wp-content\/uploads\/2017\/07\/Logo-Genfest.jpg\" alt=\"Logo Genfest\" width=\"48\" height=\"48\" \/><\/a>400 jovens provenientes de v\u00e1rias partes do mundo est\u00e3o participando, de 28 de junho a 5 de julho, de uma semana densa de a\u00e7\u00f5es de solidariedade e iniciativas no rastro da interculturalidade para entrar no esp\u00edrito do Genfest, \u201cBeyond all borders\u201d.<\/p>\n","protected":false},"author":34,"featured_media":0,"comment_status":"open","ping_status":"open","sticky":false,"template":"","format":"standard","meta":{"give_campaign_id":0,"_seopress_robots_primary_cat":"","_seopress_titles_title":"","_seopress_titles_desc":"","_seopress_robots_index":"","_et_pb_use_builder":"","_et_pb_old_content":"","_et_gb_content_width":"","footnotes":""},"categories":[909],"tags":[],"class_list":["post-316572","post","type-post","status-publish","format-standard","hentry","category-focolare-worldwide-2-4"],"_links":{"self":[{"href":"https:\/\/www.focolare.org\/pt-pt\/wp-json\/wp\/v2\/posts\/316572","targetHints":{"allow":["GET"]}}],"collection":[{"href":"https:\/\/www.focolare.org\/pt-pt\/wp-json\/wp\/v2\/posts"}],"about":[{"href":"https:\/\/www.focolare.org\/pt-pt\/wp-json\/wp\/v2\/types\/post"}],"author":[{"embeddable":true,"href":"https:\/\/www.focolare.org\/pt-pt\/wp-json\/wp\/v2\/users\/34"}],"replies":[{"embeddable":true,"href":"https:\/\/www.focolare.org\/pt-pt\/wp-json\/wp\/v2\/comments?post=316572"}],"version-history":[{"count":0,"href":"https:\/\/www.focolare.org\/pt-pt\/wp-json\/wp\/v2\/posts\/316572\/revisions"}],"wp:attachment":[{"href":"https:\/\/www.focolare.org\/pt-pt\/wp-json\/wp\/v2\/media?parent=316572"}],"wp:term":[{"taxonomy":"category","embeddable":true,"href":"https:\/\/www.focolare.org\/pt-pt\/wp-json\/wp\/v2\/categories?post=316572"},{"taxonomy":"post_tag","embeddable":true,"href":"https:\/\/www.focolare.org\/pt-pt\/wp-json\/wp\/v2\/tags?post=316572"}],"curies":[{"name":"wp","href":"https:\/\/api.w.org\/{rel}","templated":true}]}}