{"id":316594,"date":"2018-07-08T03:00:31","date_gmt":"2018-07-08T01:00:31","guid":{"rendered":"https:\/\/www.focolare.org\/dar-esperanca-ao-mundo\/"},"modified":"2024-05-15T21:07:36","modified_gmt":"2024-05-15T19:07:36","slug":"dar-esperanca-ao-mundo","status":"publish","type":"post","link":"https:\/\/www.focolare.org\/pt-pt\/dar-esperanca-ao-mundo\/","title":{"rendered":"Dar esperan\u00e7a ao mundo"},"content":{"rendered":"<p><a href=\"https:\/\/www.focolare.org\/wp-content\/uploads\/2018\/07\/42529715754_d51f82afef_k.jpg\"><img alt=\"\" alt=\"\" loading=\"lazy\" decoding=\"async\" class=\"wp-image-168408 alignleft\" src=\"https:\/\/www.focolare.org\/wp-content\/uploads\/2018\/07\/42529715754_d51f82afef_k.jpg\" alt=\"\" width=\"320\" height=\"213\" \/><\/a>MANILA (<a href=\"https:\/\/www.focolare.org\/pt\/focolare-worldwide\/asia\/filippine\/\">Filipinas<\/a>) \u2013 Acabou de terminar a 11\u00aa edi\u00e7\u00e3o do <a href=\"https:\/\/www.focolare.org\/pt\/?s=genfest\">Genfest<\/a>, em que 6.000 jovens do Movimento dos Focolares de mais de 100 pa\u00edses do mundo lan\u00e7aram o projeto <strong>\u201cPathways for a United World\u201d<\/strong>: percursos e a\u00e7\u00f5es que visam aproximar pessoas e povos, construindo relacionamentos de fraternidade nas \u00e1reas da economia, justi\u00e7a, pol\u00edtica, meio ambiente, di\u00e1logo intercultural e inter-religioso a serem colocados em pr\u00e1tica em todo o mundo.  \u201cEm tempos de migra\u00e7\u00f5es crescentes e de nacionalismos que avan\u00e7am, como rea\u00e7\u00e3o a uma globaliza\u00e7\u00e3o exclusivamente econ\u00f4mica que n\u00e3o leva em considera\u00e7\u00e3o a diversidade de cada cultura e religi\u00e3o\u201d, <strong>recapitula <\/strong><a href=\"https:\/\/www.focolare.org\/pt\/news\/2014\/09\/15\/maria-voce\/\">Maria Voce,<\/a> <strong>presidente do Movimento dos Focolares<\/strong>, \u201co Genfest prop\u00f5e aos jovens uma mudan\u00e7a de perspectiva: n\u00e3o parar do lado de c\u00e1 dos muros pessoais, sociais e pol\u00edticos, mas acolher sem temor e preconceito todo tipo de diversidade\u201d.  <strong>Nos pr\u00f3ximos anos,<\/strong> portanto, os <a href=\"https:\/\/www.focolare.org\/pt\/movimento-dei-focolari\/un-popolo\/giovani-per-un-mondo-unito\/\">Jovens por um Mundo Unido<\/a> do Movimento dos Focolares se empenhar\u00e3o em dar vida a uma s\u00e9rie de atividades, visando enraizar nos pr\u00f3prios ambientes e pa\u00edses, mentalidade e praxe de paz e solidariedade. \u201cNo dia 6 de julho fomos \u00e0 sede da FAO e da UNESCO aqui em Manila\u201d, <strong>conta Marco Provenzale<\/strong>, \u201cpara apresentar nossos projetos e garantir \u00e0s organiza\u00e7\u00f5es internacionais o comprometimento de muitos jovens que se tornar\u00e3o embaixadores de fraternidade nos pr\u00f3prios pa\u00edses com uma miss\u00e3o precisa: promover a\u00e7\u00f5es \u2018beyond all borders\u2019, como diz o t\u00edtulo do Genfest, al\u00e9m das fronteiras culturais, sociais e pol\u00edticas\u201d.  <strong><a href=\"https:\/\/www.focolare.org\/wp-content\/uploads\/2018\/07\/HandsforHumanity.jpg\"><img alt=\"\" alt=\"\" loading=\"lazy\" decoding=\"async\" class=\"alignleft wp-image-168447\" src=\"https:\/\/www.focolare.org\/wp-content\/uploads\/2018\/07\/HandsforHumanity.jpg\" alt=\"\" width=\"320\" height=\"213\" \/><\/a>O Genfest foi, ao mesmo tempo, festa e empenho<\/strong>, e at\u00e9 mesmo arte e espet\u00e1culo buscaram exprimir a supera\u00e7\u00e3o das fronteiras, como as duas noites de concerto que levaram a \u00c1sia ao resto do mundo e vice-versa. Tamb\u00e9m foi muito visitada a<strong> Explo<\/strong>, mostra multim\u00eddia e interativa que prop\u00f4s uma leitura reversa da hist\u00f3ria do mundo, vista sob uma \u00f3tica dos passos de paz da humanidade e colocando ao centro o empenho pessoal em constru\u00ed-la. E para n\u00e3o ficar s\u00f3 na teoria, a a\u00e7\u00e3o <strong>Hands for Humanity<\/strong> oferecia aos participantes a possibilidade de \u201ccolocar a m\u00e3o na massa\u201d: os jovens podiam escolher entre 12 atividades de solidariedade, acolhida e requalifica\u00e7\u00e3o urbana a serem desenvolvidas em diversos pontos de Manila.  <div id=\"attachment_168414\" style=\"width: 210px\" class=\"wp-caption alignright\"><a href=\"https:\/\/youtu.be\/1masgbtlXoU\"><img alt=\"\" alt=\"\" loading=\"lazy\" decoding=\"async\" aria-describedby=\"caption-attachment-168414\" class=\"wp-image-168414\" src=\"https:\/\/www.focolare.org\/wp-content\/uploads\/2018\/07\/Aziz.jpg\" alt=\"\" width=\"200\" height=\"160\" \/><\/a><p id=\"caption-attachment-168414\" class=\"wp-caption-text\">J\u00e1 Aziz (Iraq)<\/p><\/div>  <strong>Hist\u00f3rias al\u00e9m dos muros<\/strong> As verdadeiras protagonistas dessa 11\u00aa edi\u00e7\u00e3o foram as hist\u00f3rias dos jovens que vivem o drama da migra\u00e7\u00e3o e da segrega\u00e7\u00e3o no cotidiano. \u201cHoje se fala pouco de quem vive no limite no cotidiano\u201d, explicam os organizadores, \u201cde quem convive com os muros, com o sentimento de impot\u00eancia e vontade de resgate\u201d. S\u00e3o hist\u00f3rias da atualidade, como a de <strong>No\u00e9 Herrera (M\u00e9xico) e Josef Capacio (EUA)<\/strong> que vivem na fronteira de Estado entre os dois pa\u00edses. No\u00e9 deve enfrentar todos os dias horas de fila para poder ir \u00e0 escola do outro lado da fronteira. De onde vem a esperan\u00e7a? Da amizade com Josef e outros meninos estadunidenses com quem trabalha para levar uma mentalidade de respeito e conhecimento rec\u00edprocos.  <a href=\"https:\/\/youtu.be\/1masgbtlXoU\" target=\"_blank\" rel=\"noopener\"><strong>J\u00e1 Aziz \u00e9 iraquiano<\/strong><\/a>: agora mora na Fran\u00e7a e faz uma pergunta aos participantes do Genfest: \u201cAlguma vez j\u00e1 aconteceu com voc\u00eas de pensar que um dia, de repente, poderiam perder tudo: fam\u00edlia, casa, sonhos&#8230; E voc\u00ea, voc\u00eas, o que fariam?\u201d. <a href=\"https:\/\/www.focolare.org\/wp-content\/uploads\/2018\/07\/Genfest_MariaVoce_JesusMoran.jpg\"><img alt=\"\" alt=\"\" loading=\"lazy\" decoding=\"async\" class=\"alignleft wp-image-168429\" src=\"https:\/\/www.focolare.org\/wp-content\/uploads\/2018\/07\/Genfest_MariaVoce_JesusMoran.jpg\" alt=\"\" width=\"280\" height=\"280\" \/><\/a><strong>Egide e Jean Paul, um de Ruanda e outro do Burundi<\/strong>, se conheceram em uma circunst\u00e2ncia dram\u00e1tica. Em um ponto de \u00f4nibus, Jean Paul foi agredido e deixado \u00e0 beira da morte. Egide o salvou, ajudando-o por meses. Um gesto extraordin\u00e1rio se pensarmos na ferida nunca curada causada pelo conflito recente entre os dois pa\u00edses. Ent\u00e3o, existe uma receita para superar os muros e fronteiras quando tudo parece empurrar na dire\u00e7\u00e3o oposta? \u00c9 isso que se pergunta o povo do Genfest.  <strong>Maria Voce prop\u00f5e tr\u00eas palavras<\/strong> que tamb\u00e9m s\u00e3o um programa de vida para todos os jovens que est\u00e3o voltando agora aos seus pa\u00edses: <strong>amar, recome\u00e7ar e compartilhar<\/strong>. Amar os povos dos outros como o pr\u00f3prio; recome\u00e7ar sem nunca perder a esperan\u00e7a de que um outro mundo \u00e9 poss\u00edvel; e compartilhar riquezas, recursos e dores pessoais e coletivos. E conclui desafiando os jovens a serem homens e mulheres de unidade, pessoas que levam no cora\u00e7\u00e3o os tesouros de cada cultura, mas que tamb\u00e9m sabem doar aos outros e ser \u2013 definitivamente \u2013 homens e mulheres globais. <\/p>\n<div><a href=\"https:\/\/www.focolare.org\/press\/files\/2018\/07\/UCF-00-20180708-Genfest2018-CS-finale_PT.pdf\" target=\"_blank\" rel=\"noopener\">Comunicado de imprensa, Manila, 8 de julho de 2018<\/a><\/div>\n<div><\/div>\n<div><a href=\"https:\/\/www.flickr.com\/photos\/y4uw_official\/albums\" target=\"_blank\" rel=\"noopener\">Flickr albums<\/a><\/div>\n","protected":false},"excerpt":{"rendered":"<p>Concluiu-se em Manila o Genfest 2018. Os 6.000 jovens lan\u00e7aram o projeto \u201cPathways for a United World\u201d: percursos para construir relacionamentos de fraternidade.<\/p>\n","protected":false},"author":33,"featured_media":0,"comment_status":"open","ping_status":"open","sticky":false,"template":"","format":"standard","meta":{"give_campaign_id":0,"_seopress_robots_primary_cat":"","_seopress_titles_title":"","_seopress_titles_desc":"","_seopress_robots_index":"","_et_pb_use_builder":"","_et_pb_old_content":"","_et_gb_content_width":"","footnotes":""},"categories":[909],"tags":[],"class_list":["post-316594","post","type-post","status-publish","format-standard","hentry","category-focolare-worldwide-2-4"],"_links":{"self":[{"href":"https:\/\/www.focolare.org\/pt-pt\/wp-json\/wp\/v2\/posts\/316594","targetHints":{"allow":["GET"]}}],"collection":[{"href":"https:\/\/www.focolare.org\/pt-pt\/wp-json\/wp\/v2\/posts"}],"about":[{"href":"https:\/\/www.focolare.org\/pt-pt\/wp-json\/wp\/v2\/types\/post"}],"author":[{"embeddable":true,"href":"https:\/\/www.focolare.org\/pt-pt\/wp-json\/wp\/v2\/users\/33"}],"replies":[{"embeddable":true,"href":"https:\/\/www.focolare.org\/pt-pt\/wp-json\/wp\/v2\/comments?post=316594"}],"version-history":[{"count":0,"href":"https:\/\/www.focolare.org\/pt-pt\/wp-json\/wp\/v2\/posts\/316594\/revisions"}],"wp:attachment":[{"href":"https:\/\/www.focolare.org\/pt-pt\/wp-json\/wp\/v2\/media?parent=316594"}],"wp:term":[{"taxonomy":"category","embeddable":true,"href":"https:\/\/www.focolare.org\/pt-pt\/wp-json\/wp\/v2\/categories?post=316594"},{"taxonomy":"post_tag","embeddable":true,"href":"https:\/\/www.focolare.org\/pt-pt\/wp-json\/wp\/v2\/tags?post=316594"}],"curies":[{"name":"wp","href":"https:\/\/api.w.org\/{rel}","templated":true}]}}