{"id":316636,"date":"2018-07-26T23:10:07","date_gmt":"2018-07-26T21:10:07","guid":{"rendered":"https:\/\/www.focolare.org\/agentes-pastorais\/"},"modified":"2024-05-15T21:07:45","modified_gmt":"2024-05-15T19:07:45","slug":"agentes-pastorais","status":"publish","type":"post","link":"https:\/\/www.focolare.org\/pt-pt\/agentes-pastorais\/","title":{"rendered":"Agentes pastorais"},"content":{"rendered":"<p>Realizou-se em <a href=\"http:\/\/www.loppiano.it\" target=\"_blank\" rel=\"noopener\">Loppiano<\/a>, de 15 de julho a 21 de julho,<strong> um curso para agentes pastorais promovido pelos Focolares na It\u00e1lia<\/strong> em sinergia com o CEG do Instituto universit\u00e1rio Sophia.\u00abVivemos aqui em Loppiano \u2013 escrevem os organizadores \u2013 dias especiais na primeira escola para agentes pastorais. Somos 75, provenientes de v\u00e1rias regi\u00f5es italianas, e uma representa\u00e7\u00e3o da Am\u00e9rica Latina e de Ruanda\u00bb.  Igreja local: comunh\u00e3o e miss\u00e3o \u2013 <strong>Percursos pastorais \u00e0 luz da Evangelii Gaudium, foi o t\u00edtulo escolhido para o curso que se realizou, de 15 a 21 de julho<\/strong> na cidadezinha internacional de Loppiano (It\u00e1lia), promovido pelo Movimento dos Focolares junto com o <a href=\"http:\/\/www.sophiauniversity.org\/en\/evangelii-gaudium-center\/\" target=\"_blank\" rel=\"noopener\">Centro Evangelii Gaudium (CEG<\/a>), laborat\u00f3rio de forma\u00e7\u00e3o, estudo e pesquisa, do Instituto universit\u00e1rio Sophia (IUS).  \u00abFicamos admirados com o efeito que esta proposta causou nos participantes: seja pela partilha profunda e madura das experi\u00eancias eclesiais de cada um, seja pelas respostas que a espiritualidade da unidade oferece para as suas necessidades, seja pela presen\u00e7a espiritual de \u201cJesus Mestre\u201d que iluminou a experi\u00eancia pastoral\u00bb. \u00abDe qualidade e consist\u00eancia \u2013 continuam \u2013 os discursos dos palestrantes, fruto de uma elabora\u00e7\u00e3o em comum e em sintonia uns com os outros. Os laborat\u00f3rios interativos da parte da tarde, depois, nos puseram \u00e0 disposi\u00e7\u00e3o alguns m\u00e9todos adequados para concretizar os conte\u00fados que nos foram oferecidos\u00bb.  <strong>A escola tinha, como objetivo, aquele de propor instrumentos te\u00f3ricos e pr\u00e1ticos a todos os que est\u00e3o empenhados em tornar a espiritualidade dos Focolares \u201cvis\u00edvel e experiment\u00e1vel\u201d nas articula\u00e7\u00f5es da Igreja italiana<\/strong>, conscientes de que \u201cse trata de um dom que o Esp\u00edrito deu a <a href=\"https:\/\/www.focolare.org\/pt\/chiara-lubich\/\" target=\"_blank\" rel=\"noopener\">Chiara Lubich <\/a>para a Igreja inteira do nosso tempo\u201d. Na abertura, houve uma rica introdu\u00e7\u00e3o ao \u201cm\u00e9todo trinit\u00e1rio\u201d do ateneu de Loppiano, confiada a <strong>Mons. Piero Coda,<\/strong> diretor do Instituto, e um tema program\u00e1tico de<strong> S.E. Card. Giuseppe Petrocchi<\/strong>, Presidente do CEG, com o t\u00edtulo Protagonistas na vida da diocese e das par\u00f3quias.  O coment\u00e1rio de um dos presentes: \u201cBel\u00edssima a an\u00e1lise do neocardeal. Cada conceito suscitava semblantes, emo\u00e7\u00f5es\u2026 Creio que assimilei uma certa mentalidade humana, sobretudo no que se refere ao an\u00fancio com palavras. Com a desculpa de respeitar a liberdade dos outros, me escondo e privo os outros do grande dom recebido. O Card. Petrocchi nos falou com for\u00e7a e na sua an\u00e1lise se sentia toda a paix\u00e3o pela Igreja, pela humanidade, e o segredo para contribuir para renov\u00e1-la\u201d.  Outros importantes discursos foram feitos por <strong>D. Vincenzo Zani<\/strong>, secret\u00e1rio da Congrega\u00e7\u00e3o da Educa\u00e7\u00e3o crist\u00e3 e pelo <strong>Prof. Vincenzo Buonomo<\/strong>, reitor magn\u00edfico da Universidade Lateranense. \u201cA palestra de D. Zani \u2013 comenta um jovem \u2013 me iluminou muito. \u00c9 preciso um projeto: a Palavra, colocar-se na escola de \u201cJesus Maestre\u201d, viver rela\u00e7\u00f5es novas, exprimir a dimens\u00e3o comunit\u00e1ria da Igreja, a dimens\u00e3o do di\u00e1logo que gera fraternidade universal\u201d.  Outros coment\u00e1rios: \u201cInteressante esta escola para redescobrir o valor da Palavra encarnada e renovar as estruturas humanas da Igreja\u201d. \u201c<strong>O nosso caminho mission\u00e1rio passa atrav\u00e9s da caridade vivida e, portanto, vendo-a, outros desejem participar\u201d<\/strong>. \u201cBela e pormenorizada a parte te\u00f3rica desta escola. Hoje, terceiro dia, entrei em crise, depois de um exame de consci\u00eancia por aquilo que frequentemente me propus e n\u00e3o consigo fazer. Portanto, crise construtiva\u201d. \u201cSinto a necessidade de que todos possamos ter esta forma\u00e7\u00e3o para que o nosso agir seja baseado neste tipo de conhecimento\u201d. <strong>O curso prosseguir\u00e1 com uma segunda parte que se realizar\u00e1 na primeira metade de outubro em algumas igrejas particulares,<\/strong> l\u00e1 onde est\u00e3o em andamento experi\u00eancias significativas.  Gustavo Clari\u00e1<\/p>\n","protected":false},"excerpt":{"rendered":"<p>Realizou-se em Loppiano, de 15 de julho a 21 de julho, um curso para agentes pastorais promovido pelos Focolares na It\u00e1lia em sinergia com o CEG do Instituto universit\u00e1rio Sophia.<\/p>\n","protected":false},"author":34,"featured_media":0,"comment_status":"open","ping_status":"open","sticky":false,"template":"","format":"standard","meta":{"give_campaign_id":0,"_seopress_robots_primary_cat":"","_seopress_titles_title":"","_seopress_titles_desc":"","_seopress_robots_index":"","_et_pb_use_builder":"","_et_pb_old_content":"","_et_gb_content_width":"","footnotes":""},"categories":[909],"tags":[],"class_list":["post-316636","post","type-post","status-publish","format-standard","hentry","category-focolare-worldwide-2-4"],"_links":{"self":[{"href":"https:\/\/www.focolare.org\/pt-pt\/wp-json\/wp\/v2\/posts\/316636","targetHints":{"allow":["GET"]}}],"collection":[{"href":"https:\/\/www.focolare.org\/pt-pt\/wp-json\/wp\/v2\/posts"}],"about":[{"href":"https:\/\/www.focolare.org\/pt-pt\/wp-json\/wp\/v2\/types\/post"}],"author":[{"embeddable":true,"href":"https:\/\/www.focolare.org\/pt-pt\/wp-json\/wp\/v2\/users\/34"}],"replies":[{"embeddable":true,"href":"https:\/\/www.focolare.org\/pt-pt\/wp-json\/wp\/v2\/comments?post=316636"}],"version-history":[{"count":0,"href":"https:\/\/www.focolare.org\/pt-pt\/wp-json\/wp\/v2\/posts\/316636\/revisions"}],"wp:attachment":[{"href":"https:\/\/www.focolare.org\/pt-pt\/wp-json\/wp\/v2\/media?parent=316636"}],"wp:term":[{"taxonomy":"category","embeddable":true,"href":"https:\/\/www.focolare.org\/pt-pt\/wp-json\/wp\/v2\/categories?post=316636"},{"taxonomy":"post_tag","embeddable":true,"href":"https:\/\/www.focolare.org\/pt-pt\/wp-json\/wp\/v2\/tags?post=316636"}],"curies":[{"name":"wp","href":"https:\/\/api.w.org\/{rel}","templated":true}]}}