{"id":316638,"date":"2018-07-27T23:10:07","date_gmt":"2018-07-27T21:10:07","guid":{"rendered":"https:\/\/www.focolare.org\/maria-dona-de-casa\/"},"modified":"2024-05-15T21:07:46","modified_gmt":"2024-05-15T19:07:46","slug":"maria-dona-de-casa","status":"publish","type":"post","link":"https:\/\/www.focolare.org\/pt-pt\/maria-dona-de-casa\/","title":{"rendered":"Maria, dona de casa"},"content":{"rendered":"<p>\u00ab<strong>A mulher de Nazar\u00e9, uma dona de casa<\/strong>, \u00e9 um enorme desafio para n\u00f3s: nos impele a nos despedirmos de uma espiritualidade baseada no fasc\u00ednio do extraordin\u00e1rio para <strong>encontrar uma m\u00edstica do quotidiano<\/strong>. De imagina\u00e7\u00f5es te\u00f3ricas a uma realidade palp\u00e1vel na simplicidade do quotidiano \u2026 Ali Deus caminha por ele\u00bb. (Ermes Ronchi: Le domande nude del Vangelo, p. 176)  \u00ab\u2026 N\u00f3s precisamos mesmo da casa. A casa \u00e9 important\u00edssima. [\u2026] Ela deve ser cuidada como Maria Sant\u00edssima cuidava da sua casa, que hospedava nada menos que Jesus. Portanto, era preciso fazer alguma coisa em harmonia com Ele, que era o Verbo de Deus, \u00e9 a beleza de Deus, \u00e9 a irradia\u00e7\u00e3o, \u00e9 a gl\u00f3ria. Gl\u00f3ria significa a irradia\u00e7\u00e3o de Deus. N\u00e3o sei se voc\u00eas conseguem imaginar, por assim dizer, Deus como um sol que se p\u00f5e e os raios que dardejam s\u00e3o o Verbo e, portanto, o Verbo de Deus feito carne \u00e9 Jesus. Logo, Ele \u00e9 mesmo a gl\u00f3ria, portanto, o m\u00e1ximo da beleza, o resplendor. E, portanto, Maria, [\u2026] daquela casinha [\u2026] ela sabia cuidar bem de modo que hospedasse bem Jesus. [\u2026] <strong>A nossa voca\u00e7\u00e3o, que \u00e9 voca\u00e7\u00e3o mariana, \u00e9 a da casa. N\u00e3o se compreende Maria sem o seu aspecto de dona de casa, al\u00e9m de ser \u201csede da sabedoria\u201d e, portanto, que sabe cuidar de uma casa<\/strong> \u00bb. (<a href=\"https:\/\/www.focolare.org\/pt\/chiara-lubich\/\" target=\"_blank\" rel=\"noopener\">Chiara Lubich<\/a>, Loppiano, 30 de maio de 1996, inaugura\u00e7\u00e3o da casa Gen)  \u00ab<strong>A m\u00e3e \u00e9 mais objeto de intui\u00e7\u00e3o do cora\u00e7\u00e3o do que de especula\u00e7\u00e3o intelectual, \u00e9 mais poesia do que filosofia<\/strong>, pois \u00e9 real e profunda demais, achegada ao cora\u00e7\u00e3o humano. Assim \u00e9 com Maria, a M\u00e3e das m\u00e3es, que a soma de todos os afetos, as bondades, as miseric\u00f3rdias das m\u00e3es do mundo n\u00e3o consegue igualar. Maria \u00e9 pac\u00edfica como a natureza, pura, serena, tersa, suave, bela [\u2026]. E \u00e9 forte, vigorosa, ordenada, cont\u00ednua, inflex\u00edvel, rica de esperan\u00e7a. Maria \u00e9 simples demais e pr\u00f3xima demais de n\u00f3s para ser \u201ccontemplada\u201d. [\u2026] Traz o divino \u00e0 terra, suavemente, qual celeste plano inclinado que, da vertiginosa altura dos C\u00e9us, desce at\u00e9 a infinita pequenez das criaturas\u00bb. (Chiara Lubich, Desenhos de luz, pp. 84-85)<\/p>\n","protected":false},"excerpt":{"rendered":"<p>Na conclus\u00e3o do ano dedicado no Movimento dos Focolares a aprofundar a figura da Virgem de Nazar\u00e9, breves reflex\u00f5es sobre Maria e o cuidado da casa, como lugar no qual manter e fazer com que cres\u00e7a a presen\u00e7a de Jesus.<\/p>\n","protected":false},"author":34,"featured_media":0,"comment_status":"open","ping_status":"open","sticky":false,"template":"","format":"standard","meta":{"give_campaign_id":0,"_seopress_robots_primary_cat":"","_seopress_titles_title":"","_seopress_titles_desc":"","_seopress_robots_index":"","_et_pb_use_builder":"","_et_pb_old_content":"","_et_gb_content_width":"","footnotes":""},"categories":[129],"tags":[],"class_list":["post-316638","post","type-post","status-publish","format-standard","hentry","category-sem-categoria"],"_links":{"self":[{"href":"https:\/\/www.focolare.org\/pt-pt\/wp-json\/wp\/v2\/posts\/316638","targetHints":{"allow":["GET"]}}],"collection":[{"href":"https:\/\/www.focolare.org\/pt-pt\/wp-json\/wp\/v2\/posts"}],"about":[{"href":"https:\/\/www.focolare.org\/pt-pt\/wp-json\/wp\/v2\/types\/post"}],"author":[{"embeddable":true,"href":"https:\/\/www.focolare.org\/pt-pt\/wp-json\/wp\/v2\/users\/34"}],"replies":[{"embeddable":true,"href":"https:\/\/www.focolare.org\/pt-pt\/wp-json\/wp\/v2\/comments?post=316638"}],"version-history":[{"count":0,"href":"https:\/\/www.focolare.org\/pt-pt\/wp-json\/wp\/v2\/posts\/316638\/revisions"}],"wp:attachment":[{"href":"https:\/\/www.focolare.org\/pt-pt\/wp-json\/wp\/v2\/media?parent=316638"}],"wp:term":[{"taxonomy":"category","embeddable":true,"href":"https:\/\/www.focolare.org\/pt-pt\/wp-json\/wp\/v2\/categories?post=316638"},{"taxonomy":"post_tag","embeddable":true,"href":"https:\/\/www.focolare.org\/pt-pt\/wp-json\/wp\/v2\/tags?post=316638"}],"curies":[{"name":"wp","href":"https:\/\/api.w.org\/{rel}","templated":true}]}}