{"id":316656,"date":"2018-08-02T23:10:12","date_gmt":"2018-08-02T21:10:12","guid":{"rendered":"https:\/\/www.focolare.org\/rumo-ao-encontro-mundial-das-familias-em-dublin\/"},"modified":"2024-05-15T21:07:49","modified_gmt":"2024-05-15T19:07:49","slug":"rumo-ao-encontro-mundial-das-familias-em-dublin","status":"publish","type":"post","link":"https:\/\/www.focolare.org\/pt-pt\/rumo-ao-encontro-mundial-das-familias-em-dublin\/","title":{"rendered":"Rumo ao Encontro Mundial das Fam\u00edlias, em Dublin"},"content":{"rendered":"<p><div id=\"attachment_169287\" style=\"width: 278px\" class=\"wp-caption alignleft\"><img alt=\"\" alt=\"\" loading=\"lazy\" decoding=\"async\" aria-describedby=\"caption-attachment-169287\" class=\"wp-image-169287 size-full\" src=\"https:\/\/www.focolare.org\/wp-content\/uploads\/2018\/08\/BrendaDrumm.jpg\" alt=\"\" width=\"268\" height=\"157\" \/><p id=\"caption-attachment-169287\" class=\"wp-caption-text\">Brenda Drumm<\/p><\/div>  <strong>O Papa estar\u00e1 com as fam\u00edlias reunidas em Dublin nos dias 25 e 26 de agosto. \u00c9 o h\u00f3spede mais esperado.<\/strong> Al\u00e9m do mais, escreve <strong>Branda Drumm<\/strong> num longo artigo publicado no <a href=\"http:\/\/www.osservatoreromano.va\/it\" target=\"_blank\" rel=\"noopener\">Osservatore Romano<\/a>, o <strong>Encontro Mundial das Fam\u00edlias<\/strong> \u00abdesde o in\u00edcio teve o toque pessoal do Pont\u00edfice: foi ele que escolheu a <a href=\"https:\/\/www.focolare.org\/pt\/focolare-worldwide\/europa\/irlanda\/\">Irlanda<\/a> para sedi\u00e1-lo e indicou o tema dos trabalhos: <strong>\u201cO Evangelho da fam\u00edlia: alegria para o mundo&#8221;<\/strong>; e, o mais importante, deu-nos a <a href=\"http:\/\/w2.vatican.va\/content\/francesco\/pt\/apost_exhortations\/documents\/papa-francesco_esortazione-ap_20160319_amoris-laetitia.html\">exorta\u00e7\u00e3o apost\u00f3lica <em>Amoris leatitia<\/em><\/a> como documento chave a ser estudado. E quando, no dia 21 de mar\u00e7o, Francisco anunciou a sua vinda, o debate concentrou-se sobre o que a sua visita significar\u00e1 para os fi\u00e9is, para as fam\u00edlias e os jovens, para a Igreja e o povo. O Papa passar\u00e1 a maior parte do tempo, aqui na Irlanda, com as fam\u00edlias e com as pessoas marginalizadas da sociedade. E, sempre com uma aten\u00e7\u00e3o especial \u00e0s fam\u00edlias, reservou uma pausa de ora\u00e7\u00e3o no santu\u00e1rio mariano de Knock\u00bb.  <strong><img alt=\"\" alt=\"\" loading=\"lazy\" decoding=\"async\" class=\"alignright wp-image-169169\" src=\"https:\/\/www.focolare.org\/wp-content\/uploads\/2018\/07\/WFM_PT.jpeg\" alt=\"\" width=\"178\" height=\"273\" \/><\/strong><strong>Repetido a cada tr\u00eas anos, o evento, promovido pelo Dicast\u00e9rio da Santa S\u00e9 para os Leigos, a Fam\u00edlia e a Vida<\/strong>, re\u00fane fam\u00edlias do mundo inteiro para festejar, rezar e refletir juntos sobre a import\u00e2ncia do matrim\u00f4nio como fundamento da vida pessoal, da sociedade e da Igreja. Ap\u00f3s a abertura oficial, no dia 21 de agosto, o encontro ser\u00e1 articulado em um congresso de tr\u00eas dias, no qual haver\u00e1 programa\u00e7\u00f5es diversificadas para jovens e adultos, e entretenimento para as crian\u00e7as, e culminar\u00e1 com a partilha de experi\u00eancias de f\u00e9, com a presen\u00e7a do Papa. A maior parte do programa ser\u00e1 em Dublin, enquanto alguns eventos paralelos, inclusive a acolhida, acontecer\u00e3o em todo o territ\u00f3rio irland\u00eas.  <strong>Os n\u00fameros do evento, segundo Drumm, s\u00e3o lisonjeiros: \u00abA resposta do povo foi arrebatadora.<\/strong> J\u00e1 h\u00e1 algum tempo todos os ingressos necess\u00e1rios para os eventos programados foram reservados: 37 mil para o congresso pastoral, 77 mil para o Festival das Fam\u00edlias, 45 mil para a visita \u00e0 Nossa Senhora de Knock, 500 mil para a Missa de encerramento. E a partir desses n\u00fameros podem ser lidos dados interessantes: <strong>chegar\u00e3o \u00e0 Irlanda fam\u00edlias de 116 pa\u00edses<\/strong>, para um total de 15 mil participantes internacionais; milhares de fam\u00edlias ir\u00e3o a Dublin, de todo o pa\u00eds. Ser\u00e3o cerca seis mil os jovens com menos de 18 anos e 10 mil os volunt\u00e1rios comprometidos a garantir o \u00eaxito do encontro. <strong>Mas, por tr\u00e1s das cifras est\u00e3o as pessoas: fam\u00edlias do mundo inteiro se reunir\u00e3o para celebrar suas alegrias e para discutir alguns dos muitos desafios enfrentados num mundo que muda rapidamente<\/strong>\u00bb. E continua: \u00abO Papa Francisco sabe colher perfeitamente a realidade atual da vida familiar, com as dificuldades de cada dia. Entende que, como pais, damos diariamente o melhor de n\u00f3s, um pelo outro e pelos nossos filhos, e compreende tamb\u00e9m que as fam\u00edlias n\u00e3o s\u00e3o perfeitas\u00bb. <strong>O que \u00e9 a fam\u00edlia para o Papa Francisco? Recorda Drumm: \u00ab \u201cO hospital mais pr\u00f3ximo, a primeira escola para os jovens, a melhor casa para os idosos\u201d<\/strong>. E ainda que \u201c\u00e0s vezes os pratos possam voar\u201d, o Papa nos recorda \u201cquanto seria mais feliz a nossa vida de fam\u00edlia se entend\u00eassemos a import\u00e2ncia das palavras \u201cpor favor\u201d, \u201cobrigado\u201d e \u201cdesculpe\u201d. O Pont\u00edfice continua ardorosamente convicto que a fam\u00edlia continua a ser \u201cuma boa not\u00edcia\u201d para o mundo. Acredita que, nas realidades frequentemente complexas e desordenadas da vida familiar moderna, a gra\u00e7a e o amor de Jesus Cristo est\u00e3o vivos numa gal\u00e1xia de atos cotidianos de gentileza, ternura, generosidade e fidelidade, muitas vezes vivida heroicamente entre a imensa fragilidade humana e esmagadores desafios sociais. Em uma sociedade inclinada \u00e0 viol\u00eancia, a fam\u00edlia continua a manter juntas as nossas vidas, e o pr\u00f3prio mundo\u00bb.  <em>As cita\u00e7\u00f5es do artigo de Brenda Drumm, respons\u00e1vel pela m\u00eddia e comunica\u00e7\u00f5es do Imf 2018, foram retiradas do Osservatore Romano, 27 de julho de 2018, pag. 8.<\/em><\/p>\n","protected":false},"excerpt":{"rendered":"<p>A poucos dias do in\u00edcio do IX Encontro Mundial das Fam\u00edlias, de 21 a 26 de agosto em Dublin (Irlanda), os preparativos est\u00e3o em fase avan\u00e7ada. Brenda Drumm, respons\u00e1vel pelas comunica\u00e7\u00f5es: \u201cN\u00e3o vemos a hora de abra\u00e7ar o Papa Francisco\u201d.<\/p>\n","protected":false},"author":34,"featured_media":0,"comment_status":"open","ping_status":"open","sticky":false,"template":"","format":"standard","meta":{"give_campaign_id":0,"_seopress_robots_primary_cat":"","_seopress_titles_title":"","_seopress_titles_desc":"","_seopress_robots_index":"","_et_pb_use_builder":"","_et_pb_old_content":"","_et_gb_content_width":"","footnotes":""},"categories":[909],"tags":[],"class_list":["post-316656","post","type-post","status-publish","format-standard","hentry","category-focolare-worldwide-2-4"],"_links":{"self":[{"href":"https:\/\/www.focolare.org\/pt-pt\/wp-json\/wp\/v2\/posts\/316656","targetHints":{"allow":["GET"]}}],"collection":[{"href":"https:\/\/www.focolare.org\/pt-pt\/wp-json\/wp\/v2\/posts"}],"about":[{"href":"https:\/\/www.focolare.org\/pt-pt\/wp-json\/wp\/v2\/types\/post"}],"author":[{"embeddable":true,"href":"https:\/\/www.focolare.org\/pt-pt\/wp-json\/wp\/v2\/users\/34"}],"replies":[{"embeddable":true,"href":"https:\/\/www.focolare.org\/pt-pt\/wp-json\/wp\/v2\/comments?post=316656"}],"version-history":[{"count":0,"href":"https:\/\/www.focolare.org\/pt-pt\/wp-json\/wp\/v2\/posts\/316656\/revisions"}],"wp:attachment":[{"href":"https:\/\/www.focolare.org\/pt-pt\/wp-json\/wp\/v2\/media?parent=316656"}],"wp:term":[{"taxonomy":"category","embeddable":true,"href":"https:\/\/www.focolare.org\/pt-pt\/wp-json\/wp\/v2\/categories?post=316656"},{"taxonomy":"post_tag","embeddable":true,"href":"https:\/\/www.focolare.org\/pt-pt\/wp-json\/wp\/v2\/tags?post=316656"}],"curies":[{"name":"wp","href":"https:\/\/api.w.org\/{rel}","templated":true}]}}