{"id":316660,"date":"2018-08-05T23:10:28","date_gmt":"2018-08-05T21:10:28","guid":{"rendered":"https:\/\/www.focolare.org\/carta-da-prisao\/"},"modified":"2024-05-15T21:07:50","modified_gmt":"2024-05-15T19:07:50","slug":"carta-da-prisao","status":"publish","type":"post","link":"https:\/\/www.focolare.org\/pt-pt\/carta-da-prisao\/","title":{"rendered":"Carta da pris\u00e3o"},"content":{"rendered":"<p><strong><a href=\"https:\/\/youtu.be\/6VGaH7_g-H0\"><img alt=\"\" alt=\"\" loading=\"lazy\" decoding=\"async\" class=\"alignleft wp-image-169327\" src=\"https:\/\/www.focolare.org\/wp-content\/uploads\/2018\/08\/20180806-01.jpg\" alt=\"\" width=\"300\" height=\"152\" \/><\/a>\u00abEsta carta, para mim, \u00e9 preciosa como as palavras escritas por<\/strong> <a href=\"https:\/\/www.focolare.org\/pt\/chiara-lubich\/chi-e-chiara\/\">Chiara Lubich<\/a>: \u201cEu posso imaginar que todos voc\u00eas \u2026 sintam o peso que a viol\u00eancia e o terrorismo s\u00e3o em inteiras na\u00e7\u00f5es. Jovens, n\u00e3o mais velhos do que voc\u00eas, acreditam poder mudar a sociedade com sequestros, assassinatos e cometendo os crimes mais variados. Sem d\u00favida, eles n\u00e3o encontraram ideais mais positivos e assim se deixaram encaminhar por caminhos extremamente perigosos. Muitas pessoas est\u00e3o amedrontadas e n\u00e3o podem viver em paz. O que podemos fazer? Qual contribui\u00e7\u00e3o podemos dar?\u201d.  <strong>Estas palavras sintetizam perfeitamente o que estou passando agora.<\/strong> Gostaria de compartilhar o que estou vivendo e o quanto eu me sinto abandonado neste momento; talvez um pouco como <a href=\"https:\/\/www.focolare.org\/pt\/chiara-lubich\/spiritualita-dellunita\/gesu-abbandonato\/\">Jesus se sentiu quando estava abandonado<\/a> na cruz. Esta sensa\u00e7\u00e3o de abandono \u00e9 algo que experimentei nos quatro centros de deten\u00e7\u00e3o em que estive e onde me deparei com adolescentes que eram, na maioria, mais jovens do que eu.  <strong>No in\u00edcio, estes adolescentes me assustavam, estavam contra mim e queriam at\u00e9 mesmo me matar.<\/strong> Mas tentei me aproximar deles e me dei conta de que o que faltava a eles era que fossem entendidos, uma falta de oportunidade e, consequentemente, uma falta de amor. N\u00e3o estou procurando justific\u00e1-los, mas tamb\u00e9m eles precisam de amor e de ajuda, s\u00f3 que pediam isso chamando a aten\u00e7\u00e3o sobre si mesmos, do modo errado, mas era o \u00fanico modo que conheciam.  Os meus pais procuram viver por um mundo unido e, desde quando eu era crian\u00e7a, tamb\u00e9m eu. \u00c9 mais f\u00e1cil quando voc\u00ea faz parte de uma comunidade em que se procura viver deste modo. Enquanto que para as pessoas que t\u00eam medo de se deixar amar \u00e9 mais dif\u00edcil, especialmente quando voc\u00ea v\u00ea que este amor n\u00e3o \u00e9 correspondido e se est\u00e1 rodeado de ladr\u00f5es e assassinos. De qualquer forma, o amor derruba todos os limites e \u00e9 esta a verdade mais preciosa, apesar daquilo que estou vivendo aqui.  <strong>Agora estes adolescentes v\u00eam \u00e0 minha cela para pedir conselhos ou ajuda, especialmente quando atravessam um momento ruim<\/strong>; alguns querem at\u00e9 mesmo saber mais sobre os<a href=\"http:\/\/y4uw.org\/\" target=\"_blank\" rel=\"noopener\"> Jovens por um Mundo Unido<\/a> de que fa\u00e7o parte, apesar da minha situa\u00e7\u00e3o. Muitos me perguntam como estou, se preciso de alguma coisa, alguns at\u00e9 mesmo me chamam de irm\u00e3o. <strong>O que estou vivendo na pris\u00e3o pode se tornar uma invas\u00e3o de amor que se difunde pouco a pouco onde reina a viol\u00eancia.<\/strong> Assim como a chuva leve que penetra docemente nas profundidades da terra\u2026\u00bb<\/p>\n","protected":false},"excerpt":{"rendered":"<p>A carta que um adolescente, atualmente na pris\u00e3o, enviou aos participantes do Genfest 2018. \u201cAt\u00e9 mesmo atr\u00e1s das grades se pode viver por um mundo unido procurando amar e servir a todos\u201d.<\/p>\n","protected":false},"author":34,"featured_media":0,"comment_status":"open","ping_status":"open","sticky":false,"template":"","format":"standard","meta":{"give_campaign_id":0,"_seopress_robots_primary_cat":"","_seopress_titles_title":"","_seopress_titles_desc":"","_seopress_robots_index":"","_et_pb_use_builder":"","_et_pb_old_content":"","_et_gb_content_width":"","footnotes":""},"categories":[909],"tags":[],"class_list":["post-316660","post","type-post","status-publish","format-standard","hentry","category-focolare-worldwide-2-4"],"_links":{"self":[{"href":"https:\/\/www.focolare.org\/pt-pt\/wp-json\/wp\/v2\/posts\/316660","targetHints":{"allow":["GET"]}}],"collection":[{"href":"https:\/\/www.focolare.org\/pt-pt\/wp-json\/wp\/v2\/posts"}],"about":[{"href":"https:\/\/www.focolare.org\/pt-pt\/wp-json\/wp\/v2\/types\/post"}],"author":[{"embeddable":true,"href":"https:\/\/www.focolare.org\/pt-pt\/wp-json\/wp\/v2\/users\/34"}],"replies":[{"embeddable":true,"href":"https:\/\/www.focolare.org\/pt-pt\/wp-json\/wp\/v2\/comments?post=316660"}],"version-history":[{"count":0,"href":"https:\/\/www.focolare.org\/pt-pt\/wp-json\/wp\/v2\/posts\/316660\/revisions"}],"wp:attachment":[{"href":"https:\/\/www.focolare.org\/pt-pt\/wp-json\/wp\/v2\/media?parent=316660"}],"wp:term":[{"taxonomy":"category","embeddable":true,"href":"https:\/\/www.focolare.org\/pt-pt\/wp-json\/wp\/v2\/categories?post=316660"},{"taxonomy":"post_tag","embeddable":true,"href":"https:\/\/www.focolare.org\/pt-pt\/wp-json\/wp\/v2\/tags?post=316660"}],"curies":[{"name":"wp","href":"https:\/\/api.w.org\/{rel}","templated":true}]}}