{"id":316662,"date":"2018-08-06T06:32:50","date_gmt":"2018-08-06T04:32:50","guid":{"rendered":"https:\/\/www.focolare.org\/itricordando-hiroshima-e-nagasakienin-remembrance-of-hiroshima-and-nagasakiesrecordando-hiroshima-y-nagasakifren-se-souvenant-d-hiroshima-et-de-nagasakideim-gedenken-an-hiroshi\/"},"modified":"2024-05-15T21:07:50","modified_gmt":"2024-05-15T19:07:50","slug":"itricordando-hiroshima-e-nagasakienin-remembrance-of-hiroshima-and-nagasakiesrecordando-hiroshima-y-nagasakifren-se-souvenant-d-hiroshima-et-de-nagasakideim-gedenken-an-hiroshi","status":"publish","type":"post","link":"https:\/\/www.focolare.org\/pt-pt\/itricordando-hiroshima-e-nagasakienin-remembrance-of-hiroshima-and-nagasakiesrecordando-hiroshima-y-nagasakifren-se-souvenant-d-hiroshima-et-de-nagasakideim-gedenken-an-hiroshi\/","title":{"rendered":"[:it]Ricordando Hiroshima e Nagasaki[:en]In remembrance of Hiroshima and Nagasaki[:es]Recordando Hiroshima y Nagasaki[:fr]En se souvenant d\u2019 Hiroshima et de Nagasaki[:de]Im Gedenken an Hiroshima und Nagasaki[:zh]\u60bc\u5ff5\u5ee3\u5cf6\u548c\u9577\u5d0e\u88ab\u539f\u5b50\u5f48\u8f5f\u70b8"},"content":{"rendered":"<p><strong>73 anos atr\u00e1s, o horror de Hiroshima, no dia 6 de agosto de 1945, e de Nagasaki, tr\u00eas dias depois,<\/strong> se apresentou sob forma de um imenso clar\u00e3o, como de um sol ofuscante, que levou \u00e0 morte imediata centenas de milhares de pessoas, quase todas civis, e muit\u00edssimas outras nos anos sucessivos, devido \u00e0s consequ\u00eancias das radia\u00e7\u00f5es. <strong>Daquelas duas explos\u00f5es, n\u00e3o s\u00f3 o <a href=\"https:\/\/www.focolare.org\/pt\/focolare-worldwide\/asia\/giappone\/\">Jap\u00e3o<\/a>, mas a humanidade inteira, ficaram devastados, legando ao mundo a consci\u00eancia de que nada seria mais como antes. <\/strong> <strong>\u201cNunca mais\u201d \u00e9 n\u00e3o s\u00f3 um imperativo moral, mas tamb\u00e9m uma necessidade absoluta<\/strong>, se quisermos que o planeta tenha um futuro de paz e se realize um mundo em que o sol seja somente s\u00edmbolo de vida.<\/p>\n","protected":false},"excerpt":{"rendered":"<p>73 anos atr\u00e1s, o horror de Hiroshima, no dia 6 de agosto de 1945, e de Nagasaki, tr\u00eas dias depois, se apresentou sob forma de um imenso clar\u00e3o, como de um sol ofuscante, que levou \u00e0 morte imediata centenas de milhares de pessoas, quase todas civis, e muit\u00edssimas outras nos anos sucessivos, devido \u00e0s consequ\u00eancias [&hellip;]<\/p>\n","protected":false},"author":34,"featured_media":0,"comment_status":"open","ping_status":"open","sticky":false,"template":"","format":"standard","meta":{"give_campaign_id":0,"_seopress_robots_primary_cat":"","_seopress_titles_title":"","_seopress_titles_desc":"","_seopress_robots_index":"","_et_pb_use_builder":"","_et_pb_old_content":"","_et_gb_content_width":"","footnotes":""},"categories":[909],"tags":[],"class_list":["post-316662","post","type-post","status-publish","format-standard","hentry","category-focolare-worldwide-2-4"],"_links":{"self":[{"href":"https:\/\/www.focolare.org\/pt-pt\/wp-json\/wp\/v2\/posts\/316662","targetHints":{"allow":["GET"]}}],"collection":[{"href":"https:\/\/www.focolare.org\/pt-pt\/wp-json\/wp\/v2\/posts"}],"about":[{"href":"https:\/\/www.focolare.org\/pt-pt\/wp-json\/wp\/v2\/types\/post"}],"author":[{"embeddable":true,"href":"https:\/\/www.focolare.org\/pt-pt\/wp-json\/wp\/v2\/users\/34"}],"replies":[{"embeddable":true,"href":"https:\/\/www.focolare.org\/pt-pt\/wp-json\/wp\/v2\/comments?post=316662"}],"version-history":[{"count":0,"href":"https:\/\/www.focolare.org\/pt-pt\/wp-json\/wp\/v2\/posts\/316662\/revisions"}],"wp:attachment":[{"href":"https:\/\/www.focolare.org\/pt-pt\/wp-json\/wp\/v2\/media?parent=316662"}],"wp:term":[{"taxonomy":"category","embeddable":true,"href":"https:\/\/www.focolare.org\/pt-pt\/wp-json\/wp\/v2\/categories?post=316662"},{"taxonomy":"post_tag","embeddable":true,"href":"https:\/\/www.focolare.org\/pt-pt\/wp-json\/wp\/v2\/tags?post=316662"}],"curies":[{"name":"wp","href":"https:\/\/api.w.org\/{rel}","templated":true}]}}