{"id":316674,"date":"2018-08-09T23:10:55","date_gmt":"2018-08-09T21:10:55","guid":{"rendered":"https:\/\/www.focolare.org\/no-castelo-de-seggau\/"},"modified":"2024-05-15T21:07:53","modified_gmt":"2024-05-15T19:07:53","slug":"no-castelo-de-seggau","status":"publish","type":"post","link":"https:\/\/www.focolare.org\/pt-pt\/no-castelo-de-seggau\/","title":{"rendered":"No castelo de Seggau"},"content":{"rendered":"<p><div id=\"attachment_169405\" style=\"width: 370px\" class=\"wp-caption alignleft\"><img alt=\"\" alt=\"\" loading=\"lazy\" decoding=\"async\" aria-describedby=\"caption-attachment-169405\" class=\"wp-image-169405\" src=\"https:\/\/www.focolare.org\/wp-content\/uploads\/2018\/08\/DSCN6011.jpg\" alt=\"\" width=\"360\" height=\"270\" \/><p id=\"caption-attachment-169405\" class=\"wp-caption-text\">Foto: Fabio Ciardi, omi<\/p><\/div>  \u00abQuem nos convidou a este lugar encantador \u2013 a Est\u00edria, o \u201ccora\u00e7\u00e3o verde\u201d da <a href=\"https:\/\/www.focolare.org\/pt\/focolare-worldwide\/europa\/austria\/\">\u00c1ustria<\/a>, como o chamam aqui \u2013 foi <strong>D. Wilhelm Krautwasch<\/strong>l, atual bispo desta diocese que acabou de fazer 800 anos\u00bb, escreve o <strong>cardeal tailand\u00eas Francis Xavier Kriengsak, coordenador dos bispos amigos do Movimento dos Focolares<\/strong>. \u00abPara n\u00f3s esta estadia foi a ocasi\u00e3o para vivermos juntos como irm\u00e3os, compartilhar alegrias e dores, regenerar as for\u00e7as e nos ancorar novamente no essencial\u00bb. <strong>Um pouco de hist\u00f3ria.<\/strong> O primeiro encontro de <a href=\"https:\/\/www.focolare.org\/movimento-dei-focolari\/scelte-e-impegno\/vescovi\/\">bispos amigos dos Focolares<\/a> se realizou em 1977, por convite do te\u00f3logo <a href=\"https:\/\/www.focolare.org\/news\/2014\/01\/23\/1994-2014-ricordando-klaus-hemmerle\/\">Klaus Hemmerle<\/a> (1929-1994), que era bispo de Aachen (Alemanha). Naquela vez os participantes foram doze, provenientes dos cinco continentes.<strong> Na audi\u00eancia geral no Vaticano, Paulo VI, saudando-os, os encorajou a ir em frente.<\/strong> No ano seguinte, encontrando-os pela \u00faltima vez, disse a eles: \u00abComo chefe do col\u00e9gio apost\u00f3lico vos encorajo, vos estimulo, vos exorto a continuar nesta iniciativa\u00bb. <strong>O mesmo encorajamento chegou dos papas seguintes, at\u00e9 o Papa Francisco que enviou uma sauda\u00e7\u00e3o.<\/strong> Depois, em 1981, come\u00e7aram estas f\u00e9rias de ver\u00e3o entre bispos com um pequeno grupo. <a href=\"https:\/\/www.focolare.org\/pt\/chiara-lubich\/chi-e-chiara\/\">Chiara Lubich<\/a>, em 1984, os convidou a \u00abse projetarem decididamente, junto com a Obra de Maria, na dire\u00e7\u00e3o da <a href=\"https:\/\/www.focolare.org\/pt\/in-dialogo\/chiese-cristiane\/\">unidade das igrejas<\/a> e o <a href=\"https:\/\/www.focolare.org\/pt\/in-dialogo\/grandi-religioni\/\">di\u00e1logo com as religi\u00f5es<\/a> e com todas as<a href=\"https:\/\/www.focolare.org\/pt\/in-dialogo\/persone-di-convinzioni-non-religiose\/\"> pessoas de boa vontade<\/a>\u00bb, em sintonia com o objetivo da Igreja e da espiritualidade dos Focolares. \u00abEste convite \u2013 escrevem \u2013provocou um salto de qualidade da nossa comunh\u00e3o\u00bb.  <div id=\"attachment_169404\" style=\"width: 370px\" class=\"wp-caption alignright\"><a href=\"https:\/\/www.focolare.org\/wp-content\/uploads\/2018\/08\/RSCN6040.jpg\"><img alt=\"\" alt=\"\" loading=\"lazy\" decoding=\"async\" aria-describedby=\"caption-attachment-169404\" class=\"wp-image-169404\" src=\"https:\/\/www.focolare.org\/wp-content\/uploads\/2018\/08\/RSCN6040.jpg\" alt=\"\" width=\"360\" height=\"270\" \/><\/a><p id=\"caption-attachment-169404\" class=\"wp-caption-text\">Foto: Fabio Ciardi, omi<\/p><\/div>  <strong>Este ano, os participantes foram 63, provenientes de 31 pa\u00edses, dentre os quais, por alguns dias, o bispo luterano Christian Krause, ex-Presidente da Federa\u00e7\u00e3o Luterana Mundial.<\/strong> O objetivo, o mesmo de sempre: <strong>\u00abaprofundar e viver a espiritualidade de comunh\u00e3o\u00bb<\/strong> e <strong>\u00abexplorar os modos de como ela pode potencializar a caminhada da Igreja\u00bb<\/strong> nas v\u00e1rias circunst\u00e2ncias socioculturais. O contexto: o belo Castelo de Seggau (s\u00e9c. XII), antiga sede dos bispos de Graz, hoje transformado em centro para congressos, imerso no verde. O encontro come\u00e7ou num clima de grande alegria e fraternidade, \u00abrepercorrendo \u2013 escrevem \u2013 os prim\u00f3rdios da participa\u00e7\u00e3o dos bispos no <a href=\"https:\/\/www.focolare.org\/pt\/chiara-lubich\/spiritualita-dellunita\/\">carisma da unidade<\/a>, que os levou a almejar a vida de comunh\u00e3o n\u00e3o s\u00f3 durante as f\u00e9rias de ver\u00e3o, mas tamb\u00e9m, \u00e0 dist\u00e2ncia, durante o ano inteiro\u00bb.  <strong><a href=\"https:\/\/www.focolare.org\/wp-content\/uploads\/2018\/08\/IMG_9425.jpg\"><img alt=\"\" alt=\"\" loading=\"lazy\" decoding=\"async\" class=\"alignleft wp-image-169431\" src=\"https:\/\/www.focolare.org\/wp-content\/uploads\/2018\/08\/IMG_9425.jpg\" alt=\"\" width=\"320\" height=\"180\" \/><\/a>Muitos os discursos. Pe. Fabio Ciardi (OMI), respons\u00e1vel da <a href=\"https:\/\/www.focolare.org\/pt\/opere-ed-attivita\/studio-e-formazione\/scuola-abba\/\">Escola Abba<\/a><\/strong>, exp\u00f4s algumas medita\u00e7\u00f5es sobre a <strong>experi\u00eancia de luz vivida por Chiara Lubich em 1949.<\/strong> <strong>D. Vincenzo Zani, secret\u00e1rio da Congrega\u00e7\u00e3o para a Educa\u00e7\u00e3o Cat\u00f3lica<\/strong>, explanou o <strong>S\u00ednodo dos bispos sobre o tema dos jovens<\/strong>, que acontecer\u00e1 em outubro. <strong>D. Brendan Leahy (Irlanda)<\/strong>, fez uma palestra sobre o <strong>Encontro mundial das fam\u00edlias<\/strong>, que se realizar\u00e1 no final de agosto em Dublin, com a presen\u00e7a do Santo Padre. <strong><a href=\"https:\/\/www.focolare.org\/pt\/news\/2014\/09\/15\/maria-voce\/\">Maria Voce<\/a>, presidente dos Focolares<\/strong>, antecipou o tema que ser\u00e1 aprofundado, durante o pr\u00f3ximo ano, por todos os membros dos Focolares:<a href=\"https:\/\/www.focolare.org\/pt\/chiara-lubich\/spiritualita-dellunita\/spirito-santo\/\"> \u201cO Esp\u00edrito Santo, alma da Igreja e do mundo\u201d<\/a>. Depois, junto com o <strong>copresidente Jes\u00fas Mor\u00e1n<\/strong>, falou sobre a viagem deles a alguns pa\u00edses asi\u00e1ticos, no m\u00eas de mar\u00e7o passado, para se encontrar com as comunidades do Movimento, e sobre a recente grande manifesta\u00e7\u00e3o dos jovens, o <a href=\"https:\/\/www.focolare.org\/en\/genfest-2018\/\">Genfest em Manila<\/a>. Ainda mais, foi assistido novamente o <a href=\"https:\/\/www.focolare.org\/pt\/press\/files\/2018\/05\/UCF-00-20180510-Papa_Loppiano_risposte.pdf\">discurso do Papa na cidadezinha de Loppiano<\/a> (no dia 10 de maio passado), definido por Mor\u00e1n \u00abuma esp\u00e9cie de vademecum para a caminhada da Obra de Maria\u00bb. <strong>O Governador da Regi\u00e3o acolheu os bispos na Sala Magna da antiga universidade dos Jesu\u00edtas, oferecendo a eles uma recep\u00e7\u00e3o.<\/strong> Um evento \u2013 disse \u2013 sem precedentes, que se insere na boa colabora\u00e7\u00e3o entre institui\u00e7\u00f5es civis e igreja \u00abem esp\u00edrito ecum\u00eanico e com abertura a todas as religi\u00f5es\u00bb.<\/p>\n","protected":false},"excerpt":{"rendered":"<p>De 24 de julho a 1\u00ba de agosto se realizou em Seggau (\u00c1ustria) o costumeiro encontro de ver\u00e3o dos bispos que animam os encontros de bispos amigos do Movimento dos Focolares nas diversas partes do mundo. 63 participantes de 31 pa\u00edses, para viver e aprofundar a espiritualidade de comunh\u00e3o.<\/p>\n","protected":false},"author":34,"featured_media":0,"comment_status":"open","ping_status":"open","sticky":false,"template":"","format":"standard","meta":{"give_campaign_id":0,"_seopress_robots_primary_cat":"","_seopress_titles_title":"","_seopress_titles_desc":"","_seopress_robots_index":"","_et_pb_use_builder":"","_et_pb_old_content":"","_et_gb_content_width":"","footnotes":""},"categories":[909],"tags":[],"class_list":["post-316674","post","type-post","status-publish","format-standard","hentry","category-focolare-worldwide-2-4"],"_links":{"self":[{"href":"https:\/\/www.focolare.org\/pt-pt\/wp-json\/wp\/v2\/posts\/316674","targetHints":{"allow":["GET"]}}],"collection":[{"href":"https:\/\/www.focolare.org\/pt-pt\/wp-json\/wp\/v2\/posts"}],"about":[{"href":"https:\/\/www.focolare.org\/pt-pt\/wp-json\/wp\/v2\/types\/post"}],"author":[{"embeddable":true,"href":"https:\/\/www.focolare.org\/pt-pt\/wp-json\/wp\/v2\/users\/34"}],"replies":[{"embeddable":true,"href":"https:\/\/www.focolare.org\/pt-pt\/wp-json\/wp\/v2\/comments?post=316674"}],"version-history":[{"count":0,"href":"https:\/\/www.focolare.org\/pt-pt\/wp-json\/wp\/v2\/posts\/316674\/revisions"}],"wp:attachment":[{"href":"https:\/\/www.focolare.org\/pt-pt\/wp-json\/wp\/v2\/media?parent=316674"}],"wp:term":[{"taxonomy":"category","embeddable":true,"href":"https:\/\/www.focolare.org\/pt-pt\/wp-json\/wp\/v2\/categories?post=316674"},{"taxonomy":"post_tag","embeddable":true,"href":"https:\/\/www.focolare.org\/pt-pt\/wp-json\/wp\/v2\/tags?post=316674"}],"curies":[{"name":"wp","href":"https:\/\/api.w.org\/{rel}","templated":true}]}}