{"id":316710,"date":"2018-08-24T23:10:29","date_gmt":"2018-08-24T21:10:29","guid":{"rendered":"https:\/\/www.focolare.org\/maria-e-a-igreja\/"},"modified":"2024-05-15T21:07:59","modified_gmt":"2024-05-15T19:07:59","slug":"maria-e-a-igreja","status":"publish","type":"post","link":"https:\/\/www.focolare.org\/pt-pt\/maria-e-a-igreja\/","title":{"rendered":"Maria e a Igreja"},"content":{"rendered":"<p><img alt=\"\" alt=\"\" loading=\"lazy\" decoding=\"async\" class=\"alignleft wp-image-170138\" src=\"https:\/\/www.focolare.org\/wp-content\/uploads\/2018\/08\/Madre_della_Chiesa-a.jpg\" alt=\"\" width=\"360\" height=\"193\" \/>\u00ab<strong>A Virgem Maria [\u2026] \u00e9 reconhecida e honrada como verdadeira M\u00e3e de Deus Redentor<\/strong>. Remida de um modo mais sublime, em aten\u00e7\u00e3o aos m\u00e9ritos de seu Filho, e unida a Ele por um v\u00ednculo estreito e indissol\u00favel, foi enriquecida com a excelsa miss\u00e3o e dignidade de M\u00e3e de Deus Filho; \u00e9, por isso, filha predileta do Pai e templo do Esp\u00edrito Santo, e, por este insigne dom da gra\u00e7a, leva vantagem \u00e0 todas as demais criaturas do c\u00e9u e da terra\u00bb. (<strong>Lumen Gentium, 53<\/strong>)  \u00ab<strong>\u00c9 a primeira entre os humildes e pobres do Senhor<\/strong>, que confiadamente esperam e recebem a salva\u00e7\u00e3o de Deus\u00bb. (<strong>Lumen Gentium, 55<\/strong>)  \u00ab<strong>A bem-aventurada Virgem avan\u00e7ou pelo caminho da f\u00e9, mantendo fielmente a uni\u00e3o com seu Filho at\u00e9 \u00e0 cruz<\/strong>. Junto desta esteve, n\u00e3o sem des\u00edgnio de Deus, padecendo acerbamente com o seu Filho \u00fanico, e associando-se com cora\u00e7\u00e3o de m\u00e3e ao Seu sacrif\u00edcio&#8230;\u00bb (<strong>Lumen Gentium, 58<\/strong>)  \u00ab<strong>O amor e a venera\u00e7\u00e3o da M\u00e3e de Deus \u00e9 a alma da piedade ortodoxa, o seu cora\u00e7\u00e3o que aquece e vivifica todo o corpo<\/strong>. O cristianismo ortodoxo \u00e9 a vida em Cristo e em comunh\u00e3o com a sua M\u00e3e pur\u00edssima [\u2026] o amor a Cristo que n\u00e3o se pode separar do amor da M\u00e3e de Deus [\u2026] Quem n\u00e3o venera Maria tampouco conhece Cristo, e uma f\u00e9 em Cristo que n\u00e3o inclui a venera\u00e7\u00e3o da M\u00e3e de Deus, \u00e9 uma outra f\u00e9, um outro cristianismo que n\u00e3o o da igreja\u00bb. (<strong>S. Bulgakov: L\u2019Ortodossia, p. 356<\/strong>)  \u00ab<strong>Em Maria est\u00e1 presente o sim da humanidade inteira, e este sim incondicional \u00e9 um c\u00e1lice que se oferece, que acolhe e que transmite<\/strong>. E assim ela, que viveu a hora de Deus, que pronunciou v\u00e1rias vezes o sim da aceita\u00e7\u00e3o, que carregou em si o verbo, \u00e9 agora M\u00e3e da miseric\u00f3rdia, Sa\u00fade dos enfermos e Ref\u00fagio dos pecadores, rainha dos ap\u00f3stolos e da paz, M\u00e3e de todos n\u00f3s e imagem viva da Igreja\u00bb. (<a href=\"https:\/\/www.focolare.org\/pt\/news\/2014\/02\/11\/1994-2014-ricordando-klaus-hemmerle-2\/\">Klaus Hemmerle<\/a><strong>, Scelto per gli uomini, p. 156<\/strong>)<\/p>\n","protected":false},"excerpt":{"rendered":"<p>Maria teve um papel particular ao acompanhar Jesus em toda a sua caminhada, do \u201csim\u201d na Anuncia\u00e7\u00e3o, ao \u201csim\u201d aos p\u00e9s da Cruz. De tal modo se tornou M\u00e3e de toda a Igreja.<\/p>\n","protected":false},"author":34,"featured_media":0,"comment_status":"open","ping_status":"open","sticky":false,"template":"","format":"standard","meta":{"give_campaign_id":0,"_seopress_robots_primary_cat":"","_seopress_titles_title":"","_seopress_titles_desc":"","_seopress_robots_index":"","_et_pb_use_builder":"","_et_pb_old_content":"","_et_gb_content_width":"","footnotes":""},"categories":[129],"tags":[],"class_list":["post-316710","post","type-post","status-publish","format-standard","hentry","category-sem-categoria"],"_links":{"self":[{"href":"https:\/\/www.focolare.org\/pt-pt\/wp-json\/wp\/v2\/posts\/316710","targetHints":{"allow":["GET"]}}],"collection":[{"href":"https:\/\/www.focolare.org\/pt-pt\/wp-json\/wp\/v2\/posts"}],"about":[{"href":"https:\/\/www.focolare.org\/pt-pt\/wp-json\/wp\/v2\/types\/post"}],"author":[{"embeddable":true,"href":"https:\/\/www.focolare.org\/pt-pt\/wp-json\/wp\/v2\/users\/34"}],"replies":[{"embeddable":true,"href":"https:\/\/www.focolare.org\/pt-pt\/wp-json\/wp\/v2\/comments?post=316710"}],"version-history":[{"count":0,"href":"https:\/\/www.focolare.org\/pt-pt\/wp-json\/wp\/v2\/posts\/316710\/revisions"}],"wp:attachment":[{"href":"https:\/\/www.focolare.org\/pt-pt\/wp-json\/wp\/v2\/media?parent=316710"}],"wp:term":[{"taxonomy":"category","embeddable":true,"href":"https:\/\/www.focolare.org\/pt-pt\/wp-json\/wp\/v2\/categories?post=316710"},{"taxonomy":"post_tag","embeddable":true,"href":"https:\/\/www.focolare.org\/pt-pt\/wp-json\/wp\/v2\/tags?post=316710"}],"curies":[{"name":"wp","href":"https:\/\/api.w.org\/{rel}","templated":true}]}}