{"id":316712,"date":"2018-08-26T23:10:09","date_gmt":"2018-08-26T21:10:09","guid":{"rendered":"https:\/\/www.focolare.org\/educar-os-filhos-alegria-e-desafio\/"},"modified":"2024-05-15T21:07:59","modified_gmt":"2024-05-15T19:07:59","slug":"educar-os-filhos-alegria-e-desafio","status":"publish","type":"post","link":"https:\/\/www.focolare.org\/pt-pt\/educar-os-filhos-alegria-e-desafio\/","title":{"rendered":"Educar os filhos: alegria e desafio"},"content":{"rendered":"<p><strong><a href=\"https:\/\/www.focolare.org\/wp-content\/uploads\/2018\/08\/PHOTO-2018-08-23-17-00-36.jpg\"><img alt=\"\" alt=\"\" loading=\"lazy\" decoding=\"async\" class=\"wp-image-170146 alignleft\" src=\"https:\/\/www.focolare.org\/wp-content\/uploads\/2018\/08\/PHOTO-2018-08-23-17-00-36.jpg\" alt=\"\" width=\"360\" height=\"270\" \/><\/a>Casados h\u00e1 31 anos, com cinco filhos e a primeira neta chegando, Gianni e Maria Salerno teriam muitas hist\u00f3rias para contar e tamb\u00e9m sugest\u00f5es pr\u00e1ticas a oferecer<\/strong>, especialmente aos casais mais jovens, sobre o tema da educa\u00e7\u00e3o dos filhos. Mas para a sua contribui\u00e7\u00e3o para o Painel sobre \u201ca alegria e os desafios dos pais ao educar hoje\u201d, tema central no encontro de Dublin, que est\u00e1 abordando, num clima de festa e de ora\u00e7\u00e3o, assuntos importantes \u2013 como o papel da tecnologia na fam\u00edlia, a rela\u00e7\u00e3o com a f\u00e9, as m\u00faltiplas conex\u00f5es com o trabalho, a economia, o meio ambiente \u2013 escolheram se fazer porta-voz do patrim\u00f4nio de vida e de experi\u00eancia amadurecida durante muitos anos pelas <a href=\"https:\/\/www.focolare.org\/pt\/movimento-dei-focolari\/um-povo\/famiglie-nuove\/\">Fam\u00edlias Novas<\/a> dos Focolares, das quais h\u00e1 dois anos s\u00e3o os respons\u00e1veis. Uma \u201cfam\u00edlia de fam\u00edlias\u201d, que se abebera na <a href=\"https:\/\/www.focolare.org\/pt\/chiara-lubich\/espiritualidade-da-unidade\/\">espiritualidade da unidade<\/a> de <a href=\"https:\/\/www.focolare.org\/pt\/chiara-lubich\/chi-e-chiara\/\">Chiara Lubich<\/a> como uma b\u00fassola que aponta o norte na caminhada \u00e0s vezes extenuante da vida.  <strong>Entrevistados pelo jornal cat\u00f3lico \u201cAvvenire\u201d, Gianni e Maria sintetizaram o discurso deles em Dublin<\/strong>: \u00abGostar\u00edamos de salientar algumas \u201cpalavras chave\u201d que nos parecem muito \u00fateis na rela\u00e7\u00e3o com os filhos e que podem ser vividas em toda a parte, em todos os pa\u00edses do mundo, independentemente da cultura \u00e0 qual pertencemos. A primeira \u00e9 desapego. Os filhos n\u00e3o s\u00e3o nossos, s\u00e3o antes de tudo filhos de Deus. \u00c9 uma atitude que estimula a buscar o bem deles, no respeito pela liberdade de cada um, ajudando-os a descobrir o des\u00edgnio de Deus para a felicidade deles. Uma outra palavra central \u00e9 acompanhamento: fazendo com que sintam a nossa proximidade, os filhos podem enfrentar as dificuldades sem se sentirem sozinhos, e se formam deste modo para a responsabilidade, para o compromisso, para o treinamento constante da vontade.  Existe, depois, um verbo que sempre foi fundamental, na nossa experi\u00eancia e na de muitas fam\u00edlias no mundo inteiro com as quais estamos em contato. E \u00e9 recome\u00e7ar. Quando se erra, quando existe uma dificuldade ou o amor vem a faltar, podemos sempre p\u00f4r um ponto e ir ao in\u00edcio, pedindo desculpa se talvez exageramos numa repreens\u00e3o, que frequentemente para os pais \u00e9 mais uma ocasi\u00e3o de desafogo do que uma interven\u00e7\u00e3o educativa\u00bb.  <strong><img alt=\"\" alt=\"\" loading=\"lazy\" decoding=\"async\" class=\"alignright wp-image-170147\" src=\"https:\/\/www.focolare.org\/wp-content\/uploads\/2018\/08\/PHOTO-2018-08-23-17-00-37.jpg\" alt=\"\" width=\"360\" height=\"270\" \/><\/strong>\u00ab<strong>Dever\u00edamos procurar sempre penetrar no que os filhos est\u00e3o vivendo<\/strong>. Geralmente usamos uma express\u00e3o, caminhar com os sapatos deles, que exprime o desejo dos pais de sentir na pr\u00f3pria pele as suas emo\u00e7\u00f5es, medos e dificuldades, exercendo uma escuta profunda e acolhedora, antes de dar respostas apressadas. O exemplo, a partilha e o di\u00e1logo s\u00e3o fundamentais: numa fam\u00edlia se deveria poder falar de qualquer assunto e os pais deveriam dar prova disso, captando com as suas antenas as mensagens, inclusive n\u00e3o verbais, lan\u00e7adas pelos filhos que \u00e0s vezes, especialmente em idade adolescente, soam como aut\u00eanticas provoca\u00e7\u00f5es.  <strong>Ainda: dedicar tempo a eles<\/strong>. Quanto esfor\u00e7o requer, talvez \u00e0 noite, no final de um dia de trabalho, especialmente quando as ideias n\u00e3o coincidem. Dever\u00edamos nos deixar interpelar sem medo por eles e pelo \u201cmundo\u201d deles, inclusive quando persistem preocupa\u00e7\u00f5es de v\u00e1rios tipos sobre a sa\u00fade, as companhias que frequentam, a escola ou o futuro. Quando isto acontece, n\u00f3s procuramos levar em considera\u00e7\u00e3o um conselho precioso: o de se ocupar e n\u00e3o se preocupar, para evitar que a nossa ansiedade os torne mais inseguros e menos livres. O que sempre podemos fazer, no final, \u00e9 rezar por eles, os confiando ao amor de Deus. H\u00e1 casos em que os filhos se tornam rebeldes, rejeitam o relacionamento com os pais, pondo em a\u00e7\u00e3o comportamentos violentos, escolhas discut\u00edveis, \u00e0s vezes graves. Isto faz sofrer e desestabiliza. A ferida do insucesso educativo arde e nos perguntamos, como pais: onde erramos? Tamb\u00e9m nestes casos devemos nos lembrar de que somos pais para sempre, e que a porta do nosso cora\u00e7\u00e3o deve ser mantida sempre aberta. N\u00e3o \u00e9 f\u00e1cil, mas podemos tomar como exemplo a ser imitado <a href=\"https:\/\/www.focolare.org\/pt\/chiara-lubich\/espiritualidade-da-unidade\/gesu-abbandonato\/\">Jesus crucificado e abandonado<\/a>, que ofereceu a Sua dor, transformando-a em Amor. Como Ele, tamb\u00e9m n\u00f3s podemos consumar o nosso sofrimento continuando a amar concretamente os nossos filhos e cada pr\u00f3ximo que passa ao nosso lado, na certeza de que no final ser\u00e1 o Amor que vencer\u00e1\u00bb.<\/p>\n","protected":false},"excerpt":{"rendered":"<p><img alt=\"\" loading=\"lazy\" decoding=\"async\" class=\"wp-image-169171  alignright\" src=\"https:\/\/www.focolare.org\/wp-content\/uploads\/2018\/07\/WFM_EN_small.jpg\" alt=\"\" width=\"66\" height=\"108\" \/>Est\u00e1 em andamento nestes dias, em Dublin, o Encontro internacional das fam\u00edlias. No \u201cPainel\u201d dedicado ao tema da educa\u00e7\u00e3o, a contribui\u00e7\u00e3o de Gianni e Maria Salerno, respons\u00e1veis das fam\u00edlias dos Focolares no mundo.<\/p>\n","protected":false},"author":34,"featured_media":0,"comment_status":"open","ping_status":"open","sticky":false,"template":"","format":"standard","meta":{"give_campaign_id":0,"_seopress_robots_primary_cat":"","_seopress_titles_title":"","_seopress_titles_desc":"","_seopress_robots_index":"","_et_pb_use_builder":"","_et_pb_old_content":"","_et_gb_content_width":"","footnotes":""},"categories":[909],"tags":[],"class_list":["post-316712","post","type-post","status-publish","format-standard","hentry","category-focolare-worldwide-2-4"],"_links":{"self":[{"href":"https:\/\/www.focolare.org\/pt-pt\/wp-json\/wp\/v2\/posts\/316712","targetHints":{"allow":["GET"]}}],"collection":[{"href":"https:\/\/www.focolare.org\/pt-pt\/wp-json\/wp\/v2\/posts"}],"about":[{"href":"https:\/\/www.focolare.org\/pt-pt\/wp-json\/wp\/v2\/types\/post"}],"author":[{"embeddable":true,"href":"https:\/\/www.focolare.org\/pt-pt\/wp-json\/wp\/v2\/users\/34"}],"replies":[{"embeddable":true,"href":"https:\/\/www.focolare.org\/pt-pt\/wp-json\/wp\/v2\/comments?post=316712"}],"version-history":[{"count":0,"href":"https:\/\/www.focolare.org\/pt-pt\/wp-json\/wp\/v2\/posts\/316712\/revisions"}],"wp:attachment":[{"href":"https:\/\/www.focolare.org\/pt-pt\/wp-json\/wp\/v2\/media?parent=316712"}],"wp:term":[{"taxonomy":"category","embeddable":true,"href":"https:\/\/www.focolare.org\/pt-pt\/wp-json\/wp\/v2\/categories?post=316712"},{"taxonomy":"post_tag","embeddable":true,"href":"https:\/\/www.focolare.org\/pt-pt\/wp-json\/wp\/v2\/tags?post=316712"}],"curies":[{"name":"wp","href":"https:\/\/api.w.org\/{rel}","templated":true}]}}