{"id":316714,"date":"2018-08-27T23:10:53","date_gmt":"2018-08-27T21:10:53","guid":{"rendered":"https:\/\/www.focolare.org\/um-povo-em-fuga\/"},"modified":"2024-05-15T21:07:59","modified_gmt":"2024-05-15T19:07:59","slug":"um-povo-em-fuga","status":"publish","type":"post","link":"https:\/\/www.focolare.org\/pt-pt\/um-povo-em-fuga\/","title":{"rendered":"Um povo em fuga"},"content":{"rendered":"<p><strong>\u00abSegundo dados confi\u00e1veis, s\u00f3 durante o dia 11 de agosto, 5100 venezuelanos atravessaram a fronteira entre <a href=\"https:\/\/www.focolare.org\/pt\/focolare-worldwide\/america-sud\/ecuador\/\">Equador<\/a> e <a href=\"https:\/\/www.focolare.org\/pt\/focolare-worldwide\/america-sud\/peru\/\">Peru<\/a><\/strong>. Um recorde que supera o de maio passado, quando em um dia houve 3700 novas chegadas. Por esse motivo, <strong>o Equador declarou um estado de emerg\u00eancia migrat\u00f3ria<\/strong>\u00bb. Roggero, nascido na Venezuela, de pais italianos, conhece bem a Am\u00e9rica Latina, onde vive h\u00e1 quase 40 anos, atualmente na capital peruana, onde est\u00e1 desde 2015. N\u00e3o s\u00f3 Brasil, Col\u00f4mbia, Equador e Peru, mas tamb\u00e9m pa\u00edses mais distantes, como Chile e Argentina, e at\u00e9 o Uruguai, deparam-se com <strong>um \u00eaxodo epocal, que segundo muitos observadores amea\u00e7a provocar naquela \u00e1rea uma das maiores crises humanit\u00e1rias dos \u00faltimos dec\u00eanios.<\/strong> As novas normas para o ingresso no Equador e no Peru h\u00e1 poucos dias passaram a impor aos cidad\u00e3os venezuelanos a apresenta\u00e7\u00e3o de um passaporte, imposs\u00edvel de obter nestes tempos, no lugar da carteira de identidade.  <strong>\u00abTrata-se de uma realidade dificilmente compreens\u00edvel se n\u00e3o \u00e9 vivida em primeira pessoa.<\/strong> Os venezuelanos que fugiram para o Peru poderiam ter chegado a 400 mil pessoas. Fugiram de um pa\u00eds oprimido por uma crive grav\u00edssima, onde falta tudo, e est\u00e3o aqui para procurar um trabalho e manter o resto da fam\u00edlia que ficou na Venezuela. Mas a custo de grandes sacrif\u00edcios. Est\u00e3o dispostos a qualquer coisa, muitas vezes passam fome, viajam at\u00e9 tr\u00eas ou quatro horas de \u00f4nibus todo dia para ganhar poucos d\u00f3lares. Muitos dormem no ch\u00e3o e passam frio porque n\u00e3o tem nem um cobertor, ou tomam banho com \u00e1gua fria. Mas, pelo menos, sabem que quem ficou na Venezuela (esposa, filhos, irm\u00e3os, av\u00f3s\u2026) tem um teto e pode, de alguma forma, sobreviver com os poucos d\u00f3lares que recebem de fora. Hoje, as \u201cremessas\u201d vindas de fora s\u00e3o uma voz muito importante na economia venezuelana\u00bb.  <strong><a href=\"https:\/\/www.focolare.org\/wp-content\/uploads\/2018\/08\/20180828-01.jpg\"><img alt=\"\" alt=\"\" loading=\"lazy\" decoding=\"async\" class=\"alignright wp-image-170175\" src=\"https:\/\/www.focolare.org\/wp-content\/uploads\/2018\/08\/20180828-01.jpg\" alt=\"\" width=\"320\" height=\"201\" \/><\/a>As comunidades dos Focolares h\u00e1 v\u00e1rios meses procuram acolher as pessoas que chegam<\/strong>, indicadas por parentes ou amigos ou com quem entram em contato das mais variadas formas. <strong>\u00abImportante para n\u00f3s \u2013 diz Silvano \u2013 \u00e9 que encontrem uma atmosfera de fam\u00edlia.<\/strong> Se depois podemos compartilhar a comida, algum casaco, rem\u00e9dios, um cobertor ou orienta\u00e7\u00f5es para obter o visto de perman\u00eancia tempor\u00e1rio, melhor ainda. No dia 12 de agosto nos reunimos pela terceira vez no Focolare de Lima, junto ao <strong>Centro Fiore<\/strong>, uma das nossas sedes operacionais. \u00c9ramos 23 pessoas e dois ter\u00e7os eram venezuelanos. Antes de tudo, com os que queriam, participamos da Missa. Depois oferecemos um almo\u00e7o em duas grandes mesas. Antes de nos despedirmos assistimos a um v\u00eddeo com a apresenta\u00e7\u00e3o de <a href=\"https:\/\/www.focolare.org\/pt\/chiara-lubich\/chi-e-chiara\/\">Chiara Lubich<\/a>, porque a maioria dos presentes n\u00e3o conhecia o Movimento.  Um momento sempre comovente \u00e9 quando s\u00e3o distribu\u00eddas as roupas arrecadadas generosamente pela comunidade local. Demos boas risadas quando um dos presentes viu que um outro vestia o seu casaco, pego por engano como uma das pe\u00e7as \u201cdispon\u00edveis\u201d. Essa alegria inusitada escondia, no entanto, realidades muito duras e todo tipo de hist\u00f3rias dolorosas, vividas antes, durante ou depois da fuga da Venezuela. Falar sobre elas ou escut\u00e1-las tornou-se para eles um instante de libera\u00e7\u00e3o. A algu\u00e9m que precisava com urg\u00eancia, pudemos proporcionar, enquanto isso, alguns ciclos na m\u00e1quina de lavar roupas. Dois roqueiros, amigos de um dos convidados, chegaram l\u00e1 por acaso. Ao sair, tocados pelo relacionamento que tinham visto entre n\u00f3s todos, nos definiram como \u201cpessoas de qualidade\u201d. Parece que esta defini\u00e7\u00e3o, no mundo dos roqueiros ao menos na Venezuela, seja o melhor elogio poss\u00edvel. E n\u00e3o terminou ali: de uma das pessoas de quem menos se esperaria veio o convite a fazer uma ora\u00e7\u00e3o final, todos em c\u00edrculo, de m\u00e3os dadas, realmente significativo! Naquela noite viemos a saber que <strong>a ONU estima que 2,3 milh\u00f5es de venezuelanos j\u00e1 fugiram de seu pa\u00eds<\/strong>, desde o in\u00edcio da crise. Temos, portanto, ainda muito trabalho a fazer. E por um bom tempo\u00bb.<\/p>\n","protected":false},"excerpt":{"rendered":"<p>Desde o in\u00edcio da grave crise que a Venezuela est\u00e1 atravessando, o fluxo ininterrupto de pessoas em fuga est\u00e1 entrando em choque com o enrijecimento das regras de entrada nos pa\u00edses lim\u00edtrofes. A comunidade dos Focolares no Peru n\u00e3o det\u00e9m a acolhida. A narrativa de Silvano Roggero, do Focolare de Lima.<\/p>\n","protected":false},"author":34,"featured_media":0,"comment_status":"open","ping_status":"open","sticky":false,"template":"","format":"standard","meta":{"give_campaign_id":0,"_seopress_robots_primary_cat":"","_seopress_titles_title":"","_seopress_titles_desc":"","_seopress_robots_index":"","_et_pb_use_builder":"","_et_pb_old_content":"","_et_gb_content_width":"","footnotes":""},"categories":[909],"tags":[],"class_list":["post-316714","post","type-post","status-publish","format-standard","hentry","category-focolare-worldwide-2-4"],"_links":{"self":[{"href":"https:\/\/www.focolare.org\/pt-pt\/wp-json\/wp\/v2\/posts\/316714","targetHints":{"allow":["GET"]}}],"collection":[{"href":"https:\/\/www.focolare.org\/pt-pt\/wp-json\/wp\/v2\/posts"}],"about":[{"href":"https:\/\/www.focolare.org\/pt-pt\/wp-json\/wp\/v2\/types\/post"}],"author":[{"embeddable":true,"href":"https:\/\/www.focolare.org\/pt-pt\/wp-json\/wp\/v2\/users\/34"}],"replies":[{"embeddable":true,"href":"https:\/\/www.focolare.org\/pt-pt\/wp-json\/wp\/v2\/comments?post=316714"}],"version-history":[{"count":0,"href":"https:\/\/www.focolare.org\/pt-pt\/wp-json\/wp\/v2\/posts\/316714\/revisions"}],"wp:attachment":[{"href":"https:\/\/www.focolare.org\/pt-pt\/wp-json\/wp\/v2\/media?parent=316714"}],"wp:term":[{"taxonomy":"category","embeddable":true,"href":"https:\/\/www.focolare.org\/pt-pt\/wp-json\/wp\/v2\/categories?post=316714"},{"taxonomy":"post_tag","embeddable":true,"href":"https:\/\/www.focolare.org\/pt-pt\/wp-json\/wp\/v2\/tags?post=316714"}],"curies":[{"name":"wp","href":"https:\/\/api.w.org\/{rel}","templated":true}]}}