{"id":316746,"date":"2018-09-07T23:10:28","date_gmt":"2018-09-07T21:10:28","guid":{"rendered":"https:\/\/www.focolare.org\/maria-flor-da-humanidade\/"},"modified":"2024-05-15T21:08:05","modified_gmt":"2024-05-15T19:08:05","slug":"maria-flor-da-humanidade","status":"publish","type":"post","link":"https:\/\/www.focolare.org\/pt-pt\/maria-flor-da-humanidade\/","title":{"rendered":"Maria, flor da humanidade"},"content":{"rendered":"<p>\u00abO Antigo e o Novo Testamento formam uma \u00fanica \u00e1rvore. A floresc\u00eancia ocorreu na plenitude dos tempos. E <a href=\"https:\/\/www.focolare.org\/pt\/chiara-lubich\/spiritualita-dellunita\/maria\/\">Maria<\/a> foi a \u00fanica flor. O fruto que dela proveio foi Jesus. Tamb\u00e9m a \u00e1rvore da humanidade fora criada \u00e0 imagem de Deus. Na plenitude dos tempos, na floresc\u00eancia, deu-se a unidade entre C\u00e9u e terra, e o Esp\u00edrito Santo desposou Maria. Portanto temos somente uma flor: Maria. E somente um fruto: Jesus. Mas, quando se apresenta como esposa ao seu Criador, Maria, mesmo sendo uma, \u00e9 a s\u00edntese de toda a cria\u00e7\u00e3o no auge de sua beleza. [\u2026] Maria \u00e9 a flor florida na \u00e1rvore da humanidade nascida de Deus que em Ad\u00e3o criou a primeira semente. \u00c9 Filha de Deus, seu Filho. Olhando um ger\u00e2nio, que se abria numa flor vermelha, perguntei a mim mesma e a ele: \u00abPor que floresces em vermelho? Por que mudas de verde para vermelho?\u00bb parecia-me algo t\u00e3o estranho! Hoje entendi que toda a humanidade floresce em Maria. Maria \u00e9 a Flor da humanidade. Ela, a Imaculada, \u00e9 a Flor da Maculada.  A humanidade pecadora floresceu em Maria, a toda bela! E, como a flor vermelha \u00e9 grata \u00e0 plantinha verde, com suas ra\u00edzes e o adubo, que a fez florir, assim \u00e9 Maria, porque fomos n\u00f3s pecadores, que coagimos Deus a idear Maria. A Ela devemos n\u00f3s a salva\u00e7\u00e3o; Ela, a n\u00f3s, a sua vida\u00bb.<em>\u00a0<\/em>  <a href=\"https:\/\/www.focolare.org\/pt\/chiara-lubich\/chi-e-chiara\/\">Chiara Lubich<\/a>, <a href=\"https:\/\/www.estantevirtual.com.br\/livros\/chiara-lubich\/ideal-e-luz\/2238059177\" target=\"_blank\" rel=\"noopener\">Ideal e Luz<\/a>, pp. 188-189<\/p>\n","protected":false},"excerpt":{"rendered":"<p>Maria \u00e9 a humanidade realizada, o modelo do ser humano. La plenitude de humanidade que encontramos nela, disc\u00edpula, mulher de f\u00e9 e de esperan\u00e7a, virgem, esposa, m\u00e3e, encontra express\u00e3o num famoso texto de Chiara Lubich.<\/p>\n","protected":false},"author":34,"featured_media":0,"comment_status":"open","ping_status":"open","sticky":false,"template":"","format":"standard","meta":{"give_campaign_id":0,"_seopress_robots_primary_cat":"","_seopress_titles_title":"","_seopress_titles_desc":"","_seopress_robots_index":"","_et_pb_use_builder":"","_et_pb_old_content":"","_et_gb_content_width":"","footnotes":""},"categories":[129],"tags":[],"class_list":["post-316746","post","type-post","status-publish","format-standard","hentry","category-sem-categoria"],"_links":{"self":[{"href":"https:\/\/www.focolare.org\/pt-pt\/wp-json\/wp\/v2\/posts\/316746","targetHints":{"allow":["GET"]}}],"collection":[{"href":"https:\/\/www.focolare.org\/pt-pt\/wp-json\/wp\/v2\/posts"}],"about":[{"href":"https:\/\/www.focolare.org\/pt-pt\/wp-json\/wp\/v2\/types\/post"}],"author":[{"embeddable":true,"href":"https:\/\/www.focolare.org\/pt-pt\/wp-json\/wp\/v2\/users\/34"}],"replies":[{"embeddable":true,"href":"https:\/\/www.focolare.org\/pt-pt\/wp-json\/wp\/v2\/comments?post=316746"}],"version-history":[{"count":0,"href":"https:\/\/www.focolare.org\/pt-pt\/wp-json\/wp\/v2\/posts\/316746\/revisions"}],"wp:attachment":[{"href":"https:\/\/www.focolare.org\/pt-pt\/wp-json\/wp\/v2\/media?parent=316746"}],"wp:term":[{"taxonomy":"category","embeddable":true,"href":"https:\/\/www.focolare.org\/pt-pt\/wp-json\/wp\/v2\/categories?post=316746"},{"taxonomy":"post_tag","embeddable":true,"href":"https:\/\/www.focolare.org\/pt-pt\/wp-json\/wp\/v2\/tags?post=316746"}],"curies":[{"name":"wp","href":"https:\/\/api.w.org\/{rel}","templated":true}]}}