{"id":316758,"date":"2018-09-12T17:25:56","date_gmt":"2018-09-12T15:25:56","guid":{"rendered":"https:\/\/www.focolare.org\/sabado-15-de-setembro-as-12-horas-hora-italiana\/"},"modified":"2024-05-15T21:08:07","modified_gmt":"2024-05-15T19:08:07","slug":"sabado-15-de-setembro-as-12-horas-hora-italiana","status":"publish","type":"post","link":"https:\/\/www.focolare.org\/pt-pt\/sabado-15-de-setembro-as-12-horas-hora-italiana\/","title":{"rendered":"S\u00e1bado, 15 de setembro, \u00e0s 12 horas (hora italiana)"},"content":{"rendered":"<p><a href=\"http:\/\/collegamentoch.focolare.org\/\"><img loading=\"lazy\" decoding=\"async\" class=\"alignleft\" src=\"https:\/\/www.focolare.org\/wp-content\/uploads\/2017\/11\/CHnext.jpg\" alt=\"\" width=\"510\" height=\"326\" \/><\/a>  &nbsp;<\/p>\n","protected":false},"excerpt":{"rendered":"<p>S\u00e1bado, 15 de setembro, \u00e0s 12 horas (hora italiana), haver\u00e1 o pr\u00f3ximo Collegamento CH. Para assistir ao vivo \u00e9 poss\u00edvel conectar-se<br \/>\ncom: http:\/\/collegamentoch.focolare.org\/<\/p>\n","protected":false},"author":34,"featured_media":0,"comment_status":"open","ping_status":"open","sticky":false,"template":"","format":"standard","meta":{"give_campaign_id":0,"_seopress_robots_primary_cat":"","_seopress_titles_title":"","_seopress_titles_desc":"","_seopress_robots_index":"","_et_pb_use_builder":"","_et_pb_old_content":"","_et_gb_content_width":"","footnotes":""},"categories":[129],"tags":[],"class_list":["post-316758","post","type-post","status-publish","format-standard","hentry","category-sem-categoria"],"_links":{"self":[{"href":"https:\/\/www.focolare.org\/pt-pt\/wp-json\/wp\/v2\/posts\/316758","targetHints":{"allow":["GET"]}}],"collection":[{"href":"https:\/\/www.focolare.org\/pt-pt\/wp-json\/wp\/v2\/posts"}],"about":[{"href":"https:\/\/www.focolare.org\/pt-pt\/wp-json\/wp\/v2\/types\/post"}],"author":[{"embeddable":true,"href":"https:\/\/www.focolare.org\/pt-pt\/wp-json\/wp\/v2\/users\/34"}],"replies":[{"embeddable":true,"href":"https:\/\/www.focolare.org\/pt-pt\/wp-json\/wp\/v2\/comments?post=316758"}],"version-history":[{"count":0,"href":"https:\/\/www.focolare.org\/pt-pt\/wp-json\/wp\/v2\/posts\/316758\/revisions"}],"wp:attachment":[{"href":"https:\/\/www.focolare.org\/pt-pt\/wp-json\/wp\/v2\/media?parent=316758"}],"wp:term":[{"taxonomy":"category","embeddable":true,"href":"https:\/\/www.focolare.org\/pt-pt\/wp-json\/wp\/v2\/categories?post=316758"},{"taxonomy":"post_tag","embeddable":true,"href":"https:\/\/www.focolare.org\/pt-pt\/wp-json\/wp\/v2\/tags?post=316758"}],"curies":[{"name":"wp","href":"https:\/\/api.w.org\/{rel}","templated":true}]}}