{"id":316812,"date":"2018-10-01T23:10:05","date_gmt":"2018-10-01T21:10:05","guid":{"rendered":"https:\/\/www.focolare.org\/medicina-e-encontro\/"},"modified":"2024-05-15T21:08:18","modified_gmt":"2024-05-15T19:08:18","slug":"medicina-e-encontro","status":"publish","type":"post","link":"https:\/\/www.focolare.org\/pt-pt\/medicina-e-encontro\/","title":{"rendered":"Medicina \u00e9 encontro"},"content":{"rendered":"<p><strong><a href=\"https:\/\/www.focolare.org\/wp-content\/uploads\/2018\/10\/Congress_HDC.jpg\"><img alt=\"\" alt=\"\" loading=\"lazy\" decoding=\"async\" class=\"alignright wp-image-171616\" src=\"https:\/\/www.focolare.org\/wp-content\/uploads\/2018\/10\/Congress_HDC.jpg\" alt=\"\" width=\"250\" height=\"354\" \/><\/a><\/strong>\u00abAnos atr\u00e1s, a rela\u00e7\u00e3o m\u00e9dico-paciente foi definida como \u201cuma hist\u00f3ria de sil\u00eancio\u201d, na convic\u00e7\u00e3o de que um bom paciente tenha que seguir as instru\u00e7\u00f5es do m\u00e9dico sem fazer obje\u00e7\u00f5es, sem fazer perguntas\u00bb. Flavia Caretta, m\u00e9dica geriatra junto \u00e0 Policl\u00ednica \u201cA. Gemelli\u201d de Roma e ponto de refer\u00eancia de <a href=\"http:\/\/www.healthdialogueculture.org\/pt\/\" target=\"_blank\" rel=\"noopener\">Health Dialogue Culture<\/a>, est\u00e1 entre os organizadores do \u00faltimo congresso realizado pela rede internacional em Caruaru, no Estado de Pernambuco, com o t\u00edtulo \u201cDi\u00e1logo Interdisciplinar na Constru\u00e7\u00e3o da Sa\u00fade Integral\u201d (23-25 de agosto).  <strong>HDC mant\u00e9m coligados entre si profissionais da \u00e1rea biom\u00e9dica que, se inspirando na <a href=\"https:\/\/www.focolare.org\/pt\/chiara-lubich\/spiritualita-dellunita\/\">espiritualidade da unidade<\/a> de Chiara Lubich, deram in\u00edcio a uma reflex\u00e3o e uma partilha de pr\u00e1ticas sobre o tema do cuidado do doente, considerado na globalidade das suas dimens\u00f5es.<\/strong> Quase 400, os profissionais presentes no congresso, provenientes de todas as partes do Brasil. \u00abA insatisfa\u00e7\u00e3o do paciente pela comunica\u00e7\u00e3o \u201cruim\u201d \u2013 observa Caretta \u2013 est\u00e1 acima de qualquer outra insatisfa\u00e7\u00e3o em rela\u00e7\u00e3o \u00e0s compet\u00eancias t\u00e9cnicas. A cultura tecnol\u00f3gica especializou o conhecimento, mas frequentemente \u201cfragmentou\u201d a identidade do paciente e as rela\u00e7\u00f5es interpessoais entre quem cuida e quem \u00e9 cuidado. O risco pode ser o de perder, ou de nunca chegar a olhar para o doente na sua integralidade [\u2026] Todo pedido de cuidado traz em si tamb\u00e9m uma necessidade de criar rela\u00e7\u00f5es. Ignorar esta dimens\u00e3o seria reduzir a medicina \u00e0 aplica\u00e7\u00e3o de uma t\u00e9cnica, a uma presta\u00e7\u00e3o de servi\u00e7os, enquanto em primeiro lugar est\u00e1 o encontro com uma pessoa\u00bb.  <strong><a href=\"https:\/\/www.focolare.org\/wp-content\/uploads\/2018\/10\/Congress_HDC_01.jpg\"><img alt=\"\" alt=\"\" loading=\"lazy\" decoding=\"async\" class=\"wp-image-171618 alignleft\" src=\"https:\/\/www.focolare.org\/wp-content\/uploads\/2018\/10\/Congress_HDC_01.jpg\" alt=\"\" width=\"360\" height=\"270\" \/><\/a>\u00abA qualidade da entrevista cl\u00ednica depende n\u00e3o apenas da aplica\u00e7\u00e3o do conhecimento cient\u00edfico ou das \u201chabilidades\u201d comunicativas do profissional, mas tamb\u00e9m da sua capacidade de \u201centrar\u201d na viv\u00eancia do paciente.<\/strong> O processo assistencial n\u00e3o pode ser considerado como um protocolo que resulte em procedimentos, porque aqui est\u00e1 implicada uma dimens\u00e3o humana imprevis\u00edvel, n\u00e3o padronizada, a ser inserida dentro da <strong>rela\u00e7\u00e3o pessoal<\/strong>, reciprocamente. Nenhuma a\u00e7\u00e3o de cuidado teria o mesmo efeito sem entrar em rela\u00e7\u00e3o com o outro. [\u2026] Entre as novas tend\u00eancias da medicina, al\u00e9m da comunica\u00e7\u00e3o, da personaliza\u00e7\u00e3o dos cuidados, se est\u00e1 dando destaque para os estilos de vida, para o papel que a comunidade e a sociedade t\u00eam na sa\u00fade e, em especial, para a dimens\u00e3o espiritual\u00bb.  \u00abGostaria de oferecer algumas modalidades experimentadas e compartilhadas por muitos profissionais, de variada forma\u00e7\u00e3o e n\u00edvel acad\u00eamico, proveni\u00eancias geogr\u00e1ficas e culturais, que inspiram a sua vida e, portanto, tamb\u00e9m a sua profiss\u00e3o nos valores inerentes \u00e0 espiritualidade do Movimento dos Focolares. [\u2026] Na rela\u00e7\u00e3o com o paciente, algumas estrat\u00e9gias se demonstraram eficazes, como a escuta, que exige deixar de lado preocupa\u00e7\u00f5es, julgamentos, interpreta\u00e7\u00f5es precipitadas, para dar espa\u00e7o a tudo o que o outro quer comunicar, com palavras, olhares, sil\u00eancios. <strong>Tamb\u00e9m o sil\u00eancio \u00e9 comunica\u00e7\u00e3o, \u00e0s vezes at\u00e9 mais eloquente do que se pode colher num di\u00e1logo<\/strong>. Al\u00e9m disso, o empenho de conseguir se imergir no <strong>momento presente<\/strong> libera da pressa e de condicionamentos que poderiam ofuscar a decis\u00e3o a ser tomada\u00bb.  <a href=\"https:\/\/www.focolare.org\/wp-content\/uploads\/2018\/10\/Congress_HDC_03.jpg\"><img alt=\"\" alt=\"\" loading=\"lazy\" decoding=\"async\" class=\"alignright wp-image-171619\" src=\"https:\/\/www.focolare.org\/wp-content\/uploads\/2018\/10\/Congress_HDC_03.jpg\" alt=\"\" width=\"360\" height=\"270\" \/><\/a>A coer\u00eancia entre os valores espirituais e a sua atua\u00e7\u00e3o na profiss\u00e3o, enfatizou Caretta, \u00abn\u00e3o diz respeito apenas \u00e0 rela\u00e7\u00e3o com os pacientes. Cada vez mais, <strong>\u00e9 imprescind\u00edvel interagir estreitamente com v\u00e1rias compet\u00eancias<\/strong>. As revistas cient\u00edficas, sobretudo nos \u00faltimos anos, na perspectiva de melhorar a organiza\u00e7\u00e3o dos servi\u00e7os e a qualidade da assist\u00eancia, enfatizam cada vez mais a equipe de atendimento, o trabalho em equipe, a multidisciplinaridade. [\u2026] Lembro-me de uma express\u00e3o de Vaclav Havel, poeta e primeiro presidente da Rep\u00fablica Checa: \u201cA esperan\u00e7a n\u00e3o \u00e9 acreditar que as coisas mudem. Ter esperan\u00e7a \u00e9 acreditar que voc\u00ea pode fazer uma diferen\u00e7a\u201d. A reciprocidade pode transformar cada componente do mundo da sa\u00fade, agente ou paciente, cada componente do mundo acad\u00eamico, estudante ou docente, num protagonista da mudan\u00e7a\u00bb.  <strong>Para contatos, not\u00edcias e aprofundamentos:<\/strong> <a href=\"http:\/\/www.healthdialogueculture.org\/pt\/\" target=\"_blank\" rel=\"noopener\">www.healthdialogueculture.org<\/a><\/p>\n","protected":false},"excerpt":{"rendered":"<p>Entre as novas tend\u00eancias da medicina um papel cada vez mais central \u00e9 confiado \u00e0 comunica\u00e7\u00e3o. Sobre este tema, Flavia Caretta, m\u00e9dica geriatra, discursou no recente congresso em Caruaru, Brasil, organizado pela rede internacional Health Dialogue Culture.<\/p>\n","protected":false},"author":34,"featured_media":0,"comment_status":"open","ping_status":"open","sticky":false,"template":"","format":"standard","meta":{"give_campaign_id":0,"_seopress_robots_primary_cat":"","_seopress_titles_title":"","_seopress_titles_desc":"","_seopress_robots_index":"","_et_pb_use_builder":"","_et_pb_old_content":"","_et_gb_content_width":"","footnotes":""},"categories":[909],"tags":[],"class_list":["post-316812","post","type-post","status-publish","format-standard","hentry","category-focolare-worldwide-2-4"],"_links":{"self":[{"href":"https:\/\/www.focolare.org\/pt-pt\/wp-json\/wp\/v2\/posts\/316812","targetHints":{"allow":["GET"]}}],"collection":[{"href":"https:\/\/www.focolare.org\/pt-pt\/wp-json\/wp\/v2\/posts"}],"about":[{"href":"https:\/\/www.focolare.org\/pt-pt\/wp-json\/wp\/v2\/types\/post"}],"author":[{"embeddable":true,"href":"https:\/\/www.focolare.org\/pt-pt\/wp-json\/wp\/v2\/users\/34"}],"replies":[{"embeddable":true,"href":"https:\/\/www.focolare.org\/pt-pt\/wp-json\/wp\/v2\/comments?post=316812"}],"version-history":[{"count":0,"href":"https:\/\/www.focolare.org\/pt-pt\/wp-json\/wp\/v2\/posts\/316812\/revisions"}],"wp:attachment":[{"href":"https:\/\/www.focolare.org\/pt-pt\/wp-json\/wp\/v2\/media?parent=316812"}],"wp:term":[{"taxonomy":"category","embeddable":true,"href":"https:\/\/www.focolare.org\/pt-pt\/wp-json\/wp\/v2\/categories?post=316812"},{"taxonomy":"post_tag","embeddable":true,"href":"https:\/\/www.focolare.org\/pt-pt\/wp-json\/wp\/v2\/tags?post=316812"}],"curies":[{"name":"wp","href":"https:\/\/api.w.org\/{rel}","templated":true}]}}