{"id":316902,"date":"2018-11-09T01:10:28","date_gmt":"2018-11-09T00:10:28","guid":{"rendered":"https:\/\/www.focolare.org\/prophetic-economy-2\/"},"modified":"2024-05-15T21:08:34","modified_gmt":"2024-05-15T19:08:34","slug":"prophetic-economy-2","status":"publish","type":"post","link":"https:\/\/www.focolare.org\/pt-pt\/prophetic-economy-2\/","title":{"rendered":"\u201cProphetic Economy\u201d"},"content":{"rendered":"<p><strong><a href=\"https:\/\/www.focolare.org\/wp-content\/uploads\/2018\/11\/20181109-01.jpg\"><img alt=\"\" alt=\"\" loading=\"lazy\" decoding=\"async\" class=\"alignleft wp-image-173161\" src=\"https:\/\/www.focolare.org\/wp-content\/uploads\/2018\/11\/20181109-01.jpg\" alt=\"\" width=\"320\" height=\"213\" \/><\/a>Quinhentos participantes provenientes de mais de 40 pa\u00edses dos cinco continentes reuniram-se de 2 a 4 de novembro<\/strong> no Centro Mari\u00e1polis Internacional de Castel Gandolfo, pr\u00f3ximo a Roma (It\u00e1lia) para o evento \u201cProphetic Economy\u201d. Com sess\u00f5es plen\u00e1rias, grupos de trabalho, workshops criativos e sociais, o evento ultrapassou o limiar do networking e transformou-se em um impulso e est\u00edmulo para o comprometimento. \u201cUma economia prof\u00e9tica\u201d, afirmou o economista<strong> Jeffrey Sachs<\/strong>, \u201csignifica uma economia que opera na vis\u00e3o dos profetas, da justi\u00e7a, da paz, dos mais necessitados, da cuidado da natureza\u201d.  <a href=\"https:\/\/www.focolare.org\/wp-content\/uploads\/2018\/11\/20181109-02.jpg\"><img alt=\"\" alt=\"\" loading=\"lazy\" decoding=\"async\" class=\"alignright wp-image-173164\" src=\"https:\/\/www.focolare.org\/wp-content\/uploads\/2018\/11\/20181109-02.jpg\" alt=\"\" width=\"320\" height=\"213\" \/><\/a>Os participantes eram de varias \u00e1reas: economistas, especialistas no \u00e2mbito econ\u00f4mico-financeiro, ativistas do setor ecol\u00f3gico, empreendedores e estudantes de culturas e credos religiosos diferentes. Os jovens e os adolescentes foram protagonistas de um programa espec\u00edfico para a idade deles, com jogos e entrevistas a especialistas sobre temas econ\u00f4micos e ecol\u00f3gicos. Tamb\u00e9m participaram em diversos pain\u00e9is com perguntas, propostas e testemunhos.  \u201cFoi muito bom ter jovens conosco\u201d, disse <strong>Josiane Gauthier<\/strong>, secret\u00e1ria geral da CIDSE. \u201cEles inspiraram-nos com sua profunda intelig\u00eancia, gra\u00e7a e verdade\u201d.  No programa, foi dada aten\u00e7\u00e3o \u00e0s boas pr\u00e1ticas econ\u00f4micas que j\u00e1 ocorrem. \u201c\u00c9 prof\u00e9tico\u201d, explicou o economista <strong>Stefano Zamagni,<\/strong> \u201cquem olha para o futuro ou ousa lan\u00e7ar o olhar para al\u00e9m dos obst\u00e1culos. O modelo atual de ordem econ\u00f4mica e social n\u00e3o funciona mais\u201d.  \u201cEstas boas pr\u00e1ticas econ\u00f4micas j\u00e1 existem\u201d, observou <strong>Lorna Gold<\/strong>, economista da ag\u00eancia de desenvolvimento da igreja cat\u00f3lica irlandesa, \u201cmas s\u00e3o geralmente invis\u00edveis para a m\u00eddia e na nossa cultura\u201d.  <a href=\"https:\/\/www.focolare.org\/wp-content\/uploads\/2018\/11\/20181109-03.jpg\"><img alt=\"\" alt=\"\" loading=\"lazy\" decoding=\"async\" class=\"alignleft wp-image-173165\" src=\"https:\/\/www.focolare.org\/wp-content\/uploads\/2018\/11\/20181109-03.jpg\" alt=\"\" width=\"320\" height=\"213\" \/><\/a>O concurso \u201cProphetic Economy Award\u201d premiou alguns exemplos de economia prof\u00e9tica. <strong>Carlo Petrini<\/strong>, fundador do Slow Food, falando sobre os vencedores, disse que eles veem al\u00e9m da economia dominante, n\u00e3o s\u00e3o prof\u00e9ticos na vis\u00e3o, mas na pr\u00e1tica. \u201cEstas pr\u00e1ticas s\u00e3o capazes de ser docentes de economia\u201d. (vencedores do concurso Prophetic Economy Awards)  \u201cN\u00e3o se trata de utopias ou de \u2018pequenas ilhas\u2019 dentro de um sistema injusto e imut\u00e1vel. S\u00e3o sinais de uma mudan\u00e7a tang\u00edvel\u201d, observou a economista argentina <strong>Cristina Calvo<\/strong>. \u201cMuitas vezes, diante de grandes mecanismos financeiros globais, h\u00e1 o risco de se sentir sem influ\u00eancia. O ant\u00eddoto \u00e0 imobilidade \u00e9 ampliar o espectro da a\u00e7\u00e3o nos tr\u00eas n\u00edveis: micro, m\u00e9dio e macro.\u201d  Come\u00e7ar a dar ouvidos e acolher o pensamento de quem vive em situa\u00e7\u00f5es de pobreza e exclus\u00e3o social foi outra caracter\u00edstica do evento. \u201cChegou o momento de repensar a economia, de repensar o mundo, n\u00e3o \u2018para\u2019 os pobres nem s\u00f3 com a participa\u00e7\u00e3o deles, mas a partir deles\u201d, afirmou<strong> Jean Tonglet<\/strong> do Movimento ATD Quarto Mundo.  O desafio \u00e9 inventar novos caminhos de colabora\u00e7\u00e3o realizando uma economia mais solid\u00e1ria, justa e sustent\u00e1vel. \u201cA nova ideia que \u00e9 a base deste evento\u201d, explicou o economista italiano<strong> Luigino Bruni<\/strong>, \u201c\u00e9 juntar ecologia e economia. Hoje, n\u00e3o se pode mais falar de pobreza sem falar de clima. Uma das grandes mensagens do Papa Francisco \u00e9 o convite a ativar processos, n\u00e3o apenas ocupar espa\u00e7os, porque o tempo \u00e9 superior ao espa\u00e7o. Esse \u00e9 um processo que come\u00e7ou\u201d.  <strong><img alt=\"\" alt=\"\" loading=\"lazy\" decoding=\"async\" class=\"alignleft wp-image-173166\" src=\"https:\/\/www.focolare.org\/wp-content\/uploads\/2018\/11\/20181109-04.jpg\" alt=\"\" width=\"320\" height=\"202\" \/><\/strong>Os participantes adolescentes, que aprofundaram e aceitaram o desafio lan\u00e7ado pela FAO &#8211; Organiza\u00e7\u00e3o das Na\u00e7\u00f5es Unidas para Alimenta\u00e7\u00e3o e Agricultura (#zerohunger), elaboraram na conclus\u00e3o do encontro algumas propostas: &#8211; difundir majoritariamente a pr\u00e1tica da \u201crefei\u00e7\u00e3o pendurada\u201d, ou seja, pedir ao restaurante que envolva os pr\u00f3prios clientes para pagar uma refei\u00e7\u00e3o para quem precisa. Os locais que aderirem ter\u00e3o um selo #zerohunger; &#8211; pedir que se introduza uma nova mat\u00e9ria escolar que tenha como objetos de estudo os Objetivos de Desenvolvimento Sustent\u00e1vel das Na\u00e7\u00f5es Unidas.  Prophetic Economy \u00e9 um projeto internacional composto por sete organiza\u00e7\u00f5es: Comunidade Papa Jo\u00e3o XXIII, Nomad\u00e9lfia, Movimento Cat\u00f3lico Global pelo Clima, Movimento ATD Quarto Mundo, Associa\u00e7\u00e3o Mondo di Comunit\u00e0 e Famiglia (Mundo de Comunidade e Fam\u00edlia), iniciativa SlotMob e Movimento dos Focolares, representado pelo projeto Economia de Comunh\u00e3o e pela se\u00e7\u00e3o juvenil Teens for Unity (Movimento Juvenil pela Unidade).  <\/p>\n<hr \/>\n<p>  Fotogallery &#8211; Flickr <a title=\"181102-04 Prophetic Economy - CGandolfo\" href=\"https:\/\/www.flickr.com\/photos\/133391424@N02\/albums\/72157703008520784\"><img loading=\"lazy\" decoding=\"async\" src=\"https:\/\/farm5.staticflickr.com\/4867\/43875686540_4323f13745_n.jpg\" alt=\"181102-04 Prophetic Economy - CGandolfo\" width=\"213\" height=\"320\" \/><\/a><\/p>\n","protected":false},"excerpt":{"rendered":"<p>Conclui-se o evento internacional que contou com uma rica troca interativa e intergeracional, entre diversas organiza\u00e7\u00f5es que t\u00eam o anseio comum de mudar o mundo.<\/p>\n","protected":false},"author":34,"featured_media":0,"comment_status":"open","ping_status":"open","sticky":false,"template":"","format":"standard","meta":{"give_campaign_id":0,"_seopress_robots_primary_cat":"","_seopress_titles_title":"","_seopress_titles_desc":"","_seopress_robots_index":"","_et_pb_use_builder":"","_et_pb_old_content":"","_et_gb_content_width":"","footnotes":""},"categories":[129],"tags":[],"class_list":["post-316902","post","type-post","status-publish","format-standard","hentry","category-sem-categoria"],"_links":{"self":[{"href":"https:\/\/www.focolare.org\/pt-pt\/wp-json\/wp\/v2\/posts\/316902","targetHints":{"allow":["GET"]}}],"collection":[{"href":"https:\/\/www.focolare.org\/pt-pt\/wp-json\/wp\/v2\/posts"}],"about":[{"href":"https:\/\/www.focolare.org\/pt-pt\/wp-json\/wp\/v2\/types\/post"}],"author":[{"embeddable":true,"href":"https:\/\/www.focolare.org\/pt-pt\/wp-json\/wp\/v2\/users\/34"}],"replies":[{"embeddable":true,"href":"https:\/\/www.focolare.org\/pt-pt\/wp-json\/wp\/v2\/comments?post=316902"}],"version-history":[{"count":0,"href":"https:\/\/www.focolare.org\/pt-pt\/wp-json\/wp\/v2\/posts\/316902\/revisions"}],"wp:attachment":[{"href":"https:\/\/www.focolare.org\/pt-pt\/wp-json\/wp\/v2\/media?parent=316902"}],"wp:term":[{"taxonomy":"category","embeddable":true,"href":"https:\/\/www.focolare.org\/pt-pt\/wp-json\/wp\/v2\/categories?post=316902"},{"taxonomy":"post_tag","embeddable":true,"href":"https:\/\/www.focolare.org\/pt-pt\/wp-json\/wp\/v2\/tags?post=316902"}],"curies":[{"name":"wp","href":"https:\/\/api.w.org\/{rel}","templated":true}]}}