{"id":316966,"date":"2018-12-05T07:28:25","date_gmt":"2018-12-05T06:28:25","guid":{"rendered":"https:\/\/www.focolare.org\/os-focolares-aderem-ao-global-catholic-climate-movement\/"},"modified":"2024-05-15T21:08:47","modified_gmt":"2024-05-15T19:08:47","slug":"os-focolares-aderem-ao-global-catholic-climate-movement","status":"publish","type":"post","link":"https:\/\/www.focolare.org\/pt-pt\/os-focolares-aderem-ao-global-catholic-climate-movement\/","title":{"rendered":"Os Focolares aderem ao Global Catholic Climate Movement"},"content":{"rendered":"<p><em>Muitos os modos com que cada um pode assumir para si esta escolha: da mudan\u00e7a dos estilos de vida, at\u00e9 o apoio a uma finan\u00e7a \u00e9tica que n\u00e3o investe em combust\u00edveis f\u00f3sseis ou armas.<\/em>  <strong><img alt=\"\" alt=\"\" loading=\"lazy\" decoding=\"async\" class=\"wp-image-182159 alignleft\" src=\"https:\/\/www.focolare.org\/wp-content\/uploads\/2020\/12\/Luca-Fiorani-e1543853904957-884x600.png\" alt=\"\" width=\"287\" height=\"195\"><\/strong>O Global Catholic Climate Movement (Movimento Cat\u00f3lico Global para o Clima) colabora com a Igreja Cat\u00f3lica para um maior cuidado da Terra. Nascido ap\u00f3s a publica\u00e7\u00e3o da enc\u00edclica \u201cLaudato si\u2019\u201d hoje inclui quase 1000 organiza\u00e7\u00f5es cat\u00f3licas: par\u00f3quias, escolas, ongs\u2026 Entre estas, tamb\u00e9m o Movimento dos Focolares. Entrevistamos Luca Fiorani, f\u00edsico e coordenador de EcoOne.  <strong>Luca, o que \u00e9 EcoOne?<\/strong> \u00c9 a rede internacional nascida do Movimento dos Focolares que agrupa pessoas que procuram viver uma ecologia nova.  <strong>O que significa para o Movimento dos Focolares a parceria com o Movimento Cat\u00f3lico Global para o Clima?<\/strong> Significa que o Movimento dos Focolares se insere nesta iniciativa global, se comprometendo a lutar contra as mudan\u00e7as clim\u00e1ticas. Na It\u00e1lia, por exemplo, verificou as suas contas banc\u00e1rias e pode dizer que n\u00e3o investe nem mesmo um centavo em fundos que apoiam a economia dos combust\u00edveis f\u00f3sseis.  <strong>Vamos explicar melhor o v\u00ednculo entre mudan\u00e7as clim\u00e1ticas e combust\u00edveis f\u00f3sseis.<\/strong> Quando utilizamos carv\u00e3o mineral, petr\u00f3leo ou g\u00e1s natural produzimos CO2, um g\u00e1s que contribui para o efeito estufa que aquece a atmosfera, com todos os efeitos negativos que observamos, da desertifica\u00e7\u00e3o \u2013 que \u00e9 uma das causas das migra\u00e7\u00f5es \u2013, aos eventos meteorol\u00f3gicos extremos \u2013 que provocam as inunda\u00e7\u00f5es.  <strong>As pessoas do Movimento dos Focolares, o que podem fazer para participar desta parceria?<\/strong> Olhemos a natureza e a humanidade com olhos novos, os do cora\u00e7\u00e3o. E depois, usemos a cabe\u00e7a e as m\u00e3os para agir em prol da humanidade de hoje e das gera\u00e7\u00f5es futuras. Mudemos os nossos estilos de vida: n\u00e3o desperdicemos a \u00e1gua, usemos a energia el\u00e9trica de maneira eficiente, melhoremos a coleta diferenciada e \u201cfa\u00e7amos escolhas\u201d com os nossos consumos. Por exemplo, se descobrirmos que o nosso banco investe dinheiro em combust\u00edveis f\u00f3sseis ou armas \u2013 basta ir na internet e fazer uma breve busca para descobrir isso \u2013 escolhamos um banco mais sustent\u00e1vel. O Papa \u2013 e muitos com ele \u2013 est\u00e3o preocupados porque o grito da Terra \u00e9 o grito dos pobres: n\u00e3o podemos ficar apenas assistindo! <\/p>\n<p style=\"text-align: right;\"><em>Lorenzo Russo<\/em><\/p>\n","protected":false},"excerpt":{"rendered":"<p>Muitos os modos com que cada um pode assumir para si esta escolha: da mudan\u00e7a dos estilos de vida, at\u00e9 o apoio a uma finan\u00e7a \u00e9tica que n\u00e3o investe em combust\u00edveis f\u00f3sseis ou armas.<\/p>\n","protected":false},"author":27,"featured_media":0,"comment_status":"open","ping_status":"open","sticky":false,"template":"","format":"standard","meta":{"give_campaign_id":0,"_seopress_robots_primary_cat":"","_seopress_titles_title":"","_seopress_titles_desc":"","_seopress_robots_index":"","_et_pb_use_builder":"","_et_pb_old_content":"","_et_gb_content_width":"","footnotes":""},"categories":[129],"tags":[],"class_list":["post-316966","post","type-post","status-publish","format-standard","hentry","category-sem-categoria"],"_links":{"self":[{"href":"https:\/\/www.focolare.org\/pt-pt\/wp-json\/wp\/v2\/posts\/316966","targetHints":{"allow":["GET"]}}],"collection":[{"href":"https:\/\/www.focolare.org\/pt-pt\/wp-json\/wp\/v2\/posts"}],"about":[{"href":"https:\/\/www.focolare.org\/pt-pt\/wp-json\/wp\/v2\/types\/post"}],"author":[{"embeddable":true,"href":"https:\/\/www.focolare.org\/pt-pt\/wp-json\/wp\/v2\/users\/27"}],"replies":[{"embeddable":true,"href":"https:\/\/www.focolare.org\/pt-pt\/wp-json\/wp\/v2\/comments?post=316966"}],"version-history":[{"count":0,"href":"https:\/\/www.focolare.org\/pt-pt\/wp-json\/wp\/v2\/posts\/316966\/revisions"}],"wp:attachment":[{"href":"https:\/\/www.focolare.org\/pt-pt\/wp-json\/wp\/v2\/media?parent=316966"}],"wp:term":[{"taxonomy":"category","embeddable":true,"href":"https:\/\/www.focolare.org\/pt-pt\/wp-json\/wp\/v2\/categories?post=316966"},{"taxonomy":"post_tag","embeddable":true,"href":"https:\/\/www.focolare.org\/pt-pt\/wp-json\/wp\/v2\/tags?post=316966"}],"curies":[{"name":"wp","href":"https:\/\/api.w.org\/{rel}","templated":true}]}}