{"id":317004,"date":"2018-12-31T01:03:24","date_gmt":"2018-12-31T00:03:24","guid":{"rendered":"https:\/\/www.focolare.org\/um-trabalho-que-vai-alem-da-esperanca\/"},"modified":"2024-05-15T21:08:52","modified_gmt":"2024-05-15T19:08:52","slug":"um-trabalho-que-vai-alem-da-esperanca","status":"publish","type":"post","link":"https:\/\/www.focolare.org\/pt-pt\/um-trabalho-que-vai-alem-da-esperanca\/","title":{"rendered":"Um trabalho que vai al\u00e9m da esperan\u00e7a"},"content":{"rendered":"<p><em>Perder o trabalho aos 53 anos e com tr\u00eas filhos poderia colocar qualquer um numa grande prova\u00e7\u00e3o. Mirco n\u00e3o se desencorajou: come\u00e7ou a estudar e iniciou um projeto baseado na dan\u00e7a como ve\u00edculo para unir as pessoas e favorecer a troca de emo\u00e7\u00f5es.<\/em>  \u00abUm dia algu\u00e9m disse-me: \u201cPor que n\u00e3o fazes da tua pr\u00f3pria paix\u00e3o um trabalho?\u201d. Foi assim que come\u00e7ou o desafio, nada simples, de construir uma nova identidade laborativa\u00bb. Mirco Castello, classe 1955, atualmente Art Counselor (consultor art\u00edstico), ap\u00f3s perder o emprego (\u00abum bom trabalho no mundo dos t\u00eaxteis e do vestu\u00e1rio\u00bb) e a dispensa, em 2008 come\u00e7ou a fazer as contas com um or\u00e7amento familiar cada vez mais prec\u00e1rio. \u00abProcurei ouvir os conselhos que me davam, mas principalmente uma \u201cvoz\u201d dentro de mim, que me sugeria para arriscar mais uma vez. H\u00e1 muitos anos eu trabalhava com a m\u00edmica, o teatro e a dan\u00e7a, apenas por paix\u00e3o. Procurei transformar esta paix\u00e3o em um servi\u00e7o aos outros, principalmente para as crian\u00e7as. Comecei com um projeto de dan\u00e7a na escola infantil e prim\u00e1ria, para brincar com a dan\u00e7a e com a m\u00fasica\u00bb.  A dan\u00e7a \u2013 explicou-lhe uma psic\u00f3loga infantil \u2013 tem o poder de ajudar as crian\u00e7as a reencontrar uma harmonia nova. Mas n\u00e3o \u00e9 suficiente: para trabalhar com as institui\u00e7\u00f5es \u00e9 preciso a qualifica\u00e7\u00e3o, e assim Mirco recome\u00e7ou a estudar, atualizou-se, conseguiu o diploma em Art Counselor e o mestrado em media\u00e7\u00e3o familiar, entrou em contato com as escolas p\u00fablicas e particulares da It\u00e1lia, abriu um site (www.ledanzedimirco.it), onde prop\u00f5e est\u00e1gios aos professores e encontros com as crian\u00e7as.  \u00abDesde 2008, com a minha fam\u00edlia vivemos sempre \u201cno limite\u201d, sempre esperando que n\u00e3o aconte\u00e7a uma despesa imprevista. Mas posso dizer que nunca nos faltou nada. Numa profunda unidade com a minha mulher e com os amigos da comunidade dos Focolares a que perten\u00e7o e que me apoiam, confiei sempre em Deus. Ele indica-me os passos que devo fazer e com o meu trabalho posso testemunhar que Ele me ama e n\u00e3o me abandona. Considero-o o meu novo empregador\u00bb.  Atualmente Mirco desenvolve um projeto que envolve 2 mil crian\u00e7as por ano, n\u00e3o apenas na It\u00e1lia, mas tamb\u00e9m na Europa: \u00abBrinco com as crian\u00e7as com a m\u00fasica e assim percebo imediatamente as dificuldades delas. Hoje as crian\u00e7as sofrem muito! Sofrem pela falta de valores, de regras, de autonomia, ou vivem situa\u00e7\u00f5es de separa\u00e7\u00e3o ou conflitos dos pais\u00bb. Juntamente com a esposa, ele tamb\u00e9m realiza um projeto para os adultos. \u00abFalamos sobre franqueza, assertividade, compreens\u00e3o e perd\u00e3o\u00bb. \u00abE sabe qual \u00e9 a coisa mais bonita? H\u00e1 dez anos n\u00e3o conseguimos fazer f\u00e9rias porque n\u00e3o temos como pagar, e agora nos ofereceram uma viagem aos Qu\u00eania (\u00c1frica) em janeiro, para encontrar as crian\u00e7as de duas escolas e de um orfanato, e um outro \u00e0 Russia. Como n\u00e3o ver em tudo isso o amor do meu novo empregador?\u00bb. <\/p>\n<p style=\"text-align: right;\"><em>Por Chiara Favotti<\/em><\/p>\n","protected":false},"excerpt":{"rendered":"<p>Perder o trabalho aos 53 anos e com tr\u00eas filhos poderia colocar qualquer um numa grande prova\u00e7\u00e3o. Mirco n\u00e3o se desencorajou: come\u00e7ou a estudar e iniciou um projeto baseado na dan\u00e7a como ve\u00edculo para unir as pessoas e favorecer a troca de emo\u00e7\u00f5es.<\/p>\n","protected":false},"author":33,"featured_media":0,"comment_status":"open","ping_status":"open","sticky":false,"template":"","format":"standard","meta":{"give_campaign_id":0,"_seopress_robots_primary_cat":"","_seopress_titles_title":"","_seopress_titles_desc":"","_seopress_robots_index":"","_et_pb_use_builder":"","_et_pb_old_content":"","_et_gb_content_width":"","footnotes":""},"categories":[129],"tags":[],"class_list":["post-317004","post","type-post","status-publish","format-standard","hentry","category-sem-categoria"],"_links":{"self":[{"href":"https:\/\/www.focolare.org\/pt-pt\/wp-json\/wp\/v2\/posts\/317004","targetHints":{"allow":["GET"]}}],"collection":[{"href":"https:\/\/www.focolare.org\/pt-pt\/wp-json\/wp\/v2\/posts"}],"about":[{"href":"https:\/\/www.focolare.org\/pt-pt\/wp-json\/wp\/v2\/types\/post"}],"author":[{"embeddable":true,"href":"https:\/\/www.focolare.org\/pt-pt\/wp-json\/wp\/v2\/users\/33"}],"replies":[{"embeddable":true,"href":"https:\/\/www.focolare.org\/pt-pt\/wp-json\/wp\/v2\/comments?post=317004"}],"version-history":[{"count":0,"href":"https:\/\/www.focolare.org\/pt-pt\/wp-json\/wp\/v2\/posts\/317004\/revisions"}],"wp:attachment":[{"href":"https:\/\/www.focolare.org\/pt-pt\/wp-json\/wp\/v2\/media?parent=317004"}],"wp:term":[{"taxonomy":"category","embeddable":true,"href":"https:\/\/www.focolare.org\/pt-pt\/wp-json\/wp\/v2\/categories?post=317004"},{"taxonomy":"post_tag","embeddable":true,"href":"https:\/\/www.focolare.org\/pt-pt\/wp-json\/wp\/v2\/tags?post=317004"}],"curies":[{"name":"wp","href":"https:\/\/api.w.org\/{rel}","templated":true}]}}