{"id":317010,"date":"2019-01-02T22:52:40","date_gmt":"2019-01-02T21:52:40","guid":{"rendered":"https:\/\/www.focolare.org\/passo-apos-passo-para-o-fome-zero\/"},"modified":"2024-05-15T21:08:54","modified_gmt":"2024-05-15T19:08:54","slug":"passo-apos-passo-para-o-fome-zero","status":"publish","type":"post","link":"https:\/\/www.focolare.org\/pt-pt\/passo-apos-passo-para-o-fome-zero\/","title":{"rendered":"Passo ap\u00f3s passo para  o &#8220;Fome Zero&#8221;"},"content":{"rendered":"<p><em>Pensamento alargado.&nbsp;Iniciar do pouco para uma vis\u00e3o&nbsp;sobre o mundo, a partir do pr\u00f3prio bairro.<\/em>  Em todo o mundo, os <a href=\"http:\/\/www.teens4unity.org\" target=\"_blank\" rel=\"noopener\">Jovens para a Unidade<\/a> come\u00e7aram a encher de ideias e de vida <a href=\"https:\/\/www.focolare.org\/pt\/news\/2018\/06\/26\/as-primeiras-cidadas-fomezero\/\">o projeto &#8220;Fome Zero&#8221;<\/a>, apoiados pela FAO que encoraja, especialmente os jovens e os adolescentes, a comprometerem-se pessoalmente para que &#8220;Fome Zero&#8221; se venha a verificar.  &#8220;<strong>Em Mumbai, na \u00cdndia<\/strong>, o ponto de partida foi individualizar os pobres da cidade. Pobre n\u00e3o s\u00f3 de bens, mas tamb\u00e9m de sa\u00fade, de amizade. Depois de ter conhecido umas oitenta pessoas doentes de SIDA, que vivem na pobreza, os adolescentes escreveram uma carta a 600 fam\u00edlias de v\u00e1rias religi\u00f5es e que vivem em condom\u00ednios enormes na regi\u00e3o, a explicar o seu sonho de um mundo sem fome e a propor uma recolha de jornais velhos para vender. Aderiram mais de 50 fam\u00edlias, que expressaram gratid\u00e3o pelo projeto. A opera\u00e7\u00e3o foi repetida, incentivada pelas fam\u00edlias do bairro.  Mas se \u00e9 poss\u00edvel criar uma a\u00e7\u00e3o para um bairro inteiro, por que n\u00e3o envolver um munic\u00edpio inteiro? Foi o que pensaram tr\u00eas irm\u00e3os de <strong>Cesate na Lombardia, It\u00e1lia<\/strong>, que apresentaram a sua ideia ao Presidente da C\u00e2mara: tornar Cesate um &#8220;Munic\u00edpio Fome Zero&#8221;! Com ele pensaram ativar uma sinergia entre a Cidade, a par\u00f3quia e a escola, estendendo o projeto aos munic\u00edpios vizinhos. Falaram sobre o projeto &#8220;Fome Zero&#8221; ao p\u00e1roco e a outro sacerdote, os quais, felizes com a proposta, desenvolveram uma estrat\u00e9gia para reduzir o desperd\u00edcio de alimentos no refeit\u00f3rio. Quanto \u00e0s escolas, decidiu-se anualmente, no dia 16 de outubro, Dia Mundial da Alimenta\u00e7\u00e3o, que se realizasse o evento &#8220;Dia Fome Zero&#8221; para reduzir os desperd\u00edcios durante as refei\u00e7\u00f5es.  De sinergias entre organiza\u00e7\u00f5es surgiu a a\u00e7\u00e3o realizada por <strong>um grupo de jovens libaneses<\/strong>. Ao trabalhar com a Caritas, reuniu mais de sessenta idosos que vivem em situa\u00e7\u00f5es de solid\u00e3o e dificuldades econ\u00f3micas. Os jovens prepararam e serviram um almo\u00e7o, organizaram dan\u00e7as e jogos. Uma das adolescentes prop\u00f4s \u00e0 animadora que a acompanhava que se repetissem estas a\u00e7\u00f5es todas as semanas. &#8220;Mas \u00e9 preciso um or\u00e7amento especial para o fazer&#8221;, respondeu ela. &#8220;Voc\u00eas adultos &#8211; replicou a jovem &#8211; pensam sempre em grandes projetos, mas temos que come\u00e7ar com pequenos gestos.&#8221; Ao envolver outras raparigas e outros adultos, deu in\u00edcio a uma pequena a\u00e7\u00e3o: preparar juntos uma refei\u00e7\u00e3o, de quinze em quinze dias, e lev\u00e1-la a uma fam\u00edlia necessitada, passando a tarde com eles. <\/p>\n<p style=\"text-align: right;\"><em>Anna Lisa Innocenti<\/em><\/p>\n","protected":false},"excerpt":{"rendered":"<p>Pensamento alargado.\u00a0Iniciar do pouco para uma vis\u00e3o\u00a0sobre o mundo, a partir do pr\u00f3prio bairro.<\/p>\n","protected":false},"author":27,"featured_media":0,"comment_status":"open","ping_status":"open","sticky":false,"template":"","format":"standard","meta":{"give_campaign_id":0,"_seopress_robots_primary_cat":"","_seopress_titles_title":"","_seopress_titles_desc":"","_seopress_robots_index":"","_et_pb_use_builder":"","_et_pb_old_content":"","_et_gb_content_width":"","footnotes":""},"categories":[129],"tags":[],"class_list":["post-317010","post","type-post","status-publish","format-standard","hentry","category-sem-categoria"],"_links":{"self":[{"href":"https:\/\/www.focolare.org\/pt-pt\/wp-json\/wp\/v2\/posts\/317010","targetHints":{"allow":["GET"]}}],"collection":[{"href":"https:\/\/www.focolare.org\/pt-pt\/wp-json\/wp\/v2\/posts"}],"about":[{"href":"https:\/\/www.focolare.org\/pt-pt\/wp-json\/wp\/v2\/types\/post"}],"author":[{"embeddable":true,"href":"https:\/\/www.focolare.org\/pt-pt\/wp-json\/wp\/v2\/users\/27"}],"replies":[{"embeddable":true,"href":"https:\/\/www.focolare.org\/pt-pt\/wp-json\/wp\/v2\/comments?post=317010"}],"version-history":[{"count":0,"href":"https:\/\/www.focolare.org\/pt-pt\/wp-json\/wp\/v2\/posts\/317010\/revisions"}],"wp:attachment":[{"href":"https:\/\/www.focolare.org\/pt-pt\/wp-json\/wp\/v2\/media?parent=317010"}],"wp:term":[{"taxonomy":"category","embeddable":true,"href":"https:\/\/www.focolare.org\/pt-pt\/wp-json\/wp\/v2\/categories?post=317010"},{"taxonomy":"post_tag","embeddable":true,"href":"https:\/\/www.focolare.org\/pt-pt\/wp-json\/wp\/v2\/tags?post=317010"}],"curies":[{"name":"wp","href":"https:\/\/api.w.org\/{rel}","templated":true}]}}