{"id":317032,"date":"2019-01-22T22:01:25","date_gmt":"2019-01-22T21:01:25","guid":{"rendered":"https:\/\/www.focolare.org\/estabelecido-o-pacto-por-uma-nova-governanca-das-cidades\/"},"modified":"2024-05-15T21:08:58","modified_gmt":"2024-05-15T19:08:58","slug":"estabelecido-o-pacto-por-uma-nova-governanca-das-cidades","status":"publish","type":"post","link":"https:\/\/www.focolare.org\/pt-pt\/estabelecido-o-pacto-por-uma-nova-governanca-das-cidades\/","title":{"rendered":"Estabelecido o pacto por uma nova governan\u00e7a das cidades"},"content":{"rendered":"<div>  <em>Concluiu-se o encontro &#8220;Co-Governan\u00e7a, corresponsabilidade nas cidades hoje&#8221;, com um documentos que prop\u00f5e, aos cidad\u00e3os e \u00e0 administra\u00e7\u00e3o p\u00fablica, a pr\u00e1tica da participa\u00e7\u00e3o e da constru\u00e7\u00e3o de redes de cidad\u00e3os, atores sociais e cidades.&nbsp;<\/em>  <strong>\u201cA pol\u00edtica \u00e9 o amor dos amores que re\u00fane na unidade de um des\u00edgnio comum a riqueza das pessoas e dos grupos, permitindo a cada um realizar livremente a pr\u00f3pria voca\u00e7\u00e3o\u201d<\/strong>(1). Conclui-se com as palavras desafiadoras de Chiara Lubich, fundadora dos Focolares, o congresso intitulado \u201cCo-Governance, responsabilidade conjunta nas cidades hoje\u201d. O evento dedicou-se ao governo participado das cidades e foi promovido pelo Movimento Humanidade Nova, Movimento Pol\u00edtico pela Unidade e a Associa\u00e7\u00e3o \u201cCitt\u00e0 per la Fraternit\u00e0\u201d (Cidades pela Fraternidade), express\u00f5es do compromisso social e pol\u00edtico dos Focolares. <strong>Foi a primeira edi\u00e7\u00e3o do evento que ser\u00e1 realizado no Brasil em 2021.<\/strong>  <strong>Participaram do encontro mais de 400 administradores p\u00fablicos, pol\u00edticos, empres\u00e1rios, professores e estudantes universit\u00e1rios e cidad\u00e3os de 33 pa\u00edses<\/strong>. Os trabalhos contaram com a participa\u00e7\u00e3o, apresentada nas suas numerosas aplica\u00e7\u00f5es, como demonstraram as hist\u00f3rias e as praxes partilhadas por mais de 60 especialistas nos campos do urbanismo, da&nbsp; comunica\u00e7\u00e3o, dos servi\u00e7os, da economia, da pol\u00edtica e do ambiente.  <img alt=\"\" alt=\"\" loading=\"lazy\" decoding=\"async\" class=\"wp-image-184171 alignleft\" src=\"https:\/\/www.focolare.org\/wp-content\/uploads\/2019\/01\/32937997128_63b8c52bd5_z-90x60.jpg\" alt=\"\" width=\"250\" height=\"167\">\u201cEstamos convencidos de que a participa\u00e7\u00e3o seja uma escolha estrat\u00e9gica, o modo mais consoante para viver bem na cidade \u2013 explica Lucia Fronza Crepaz, ja parlamentar, formadora na \u201cEscola de prepara\u00e7\u00e3o social\u201d em Trento (It\u00e1lia) e membro do comit\u00ea cient\u00edfico do evento. \u201cUma participa\u00e7\u00e3o n\u00e3o concebida como substitui\u00e7\u00e3o dos procedimentos da representa\u00e7\u00e3o, mas uma escolha, como uma modalidade eficaz para enfrentar a complexidade dos problemas e devolver consist\u00eancia ao mandato democr\u00e1tico\u201d.  <strong>Resultado dos trabalhos foi a aprova\u00e7\u00e3o e a assinatura do \u201cPacto por uma nova Governan\u00e7a\u201d <\/strong>com o qual os participantes se comprometeram em \u201ccontaminar\u201d as pr\u00f3prias comunidades e administra\u00e7\u00f5es p\u00fablicas. Os 400 firmat\u00e1rios do acordo comprometeram-se em compor <strong>tr<\/strong>\u00ea<strong>s redes para agregar as diversidades e responder \u00e0 complexa realidade. <\/strong>  S\u00e3o <strong>redes de cidad\u00e3os<\/strong>: \u201ctodos aqueles que moram no territ\u00f3rio urbano, que mant\u00eam a diversidade de fun\u00e7\u00f5es e tarefas, mas inspirados pela mesma responsabilidade\u201d; as <strong>redes de agentes coletivos<\/strong>: isto \u00e9, os grupos profissionais e econ\u00f4micos, os sujeitos do voluntariado e do \u00e2mbito religioso, da cultura e da universidade, da informa\u00e7\u00e3o e da comunica\u00e7\u00e3o&#8230;\u201d; as <strong>redes entre as cidades<\/strong>: \u201c\u2026prop\u00f5em-se fazer colaborar em primeiro lugar a cidadania, com a cria\u00e7\u00e3o de plataformas acess\u00edveis a todos e f\u00e1ceis de usar; cooperam superando os interesses particulares e os preconceitos que minam a confian\u00e7a, fundamento indispens\u00e1vel para a constru\u00e7\u00e3o de uma rede; miram a compartilhar programas e informa\u00e7\u00f5es, recursos humanos e materiais, mas tamb\u00e9m fracassos e experi\u00eancias problem\u00e1ticas, para se ajudarem reciprocamente e abrirem vis\u00f5es e colabora\u00e7\u00f5es operativas; pedem para serem reconhecidas como agentes essenciais dentro das organiza\u00e7\u00f5es e das institui\u00e7\u00f5es inter e transnacionais, de modo a integrar com a voz dos povos a representatividade dos governos\u201d.  <\/div>\n<div style=\"text-align: right;\"><em>Stefania Tanesini<\/em><\/div>\n<p> Informa\u00e7\u00f5es e textos da confer\u00eancia: <a href=\"http:\/\/www.co-governance.org\">www.co-governance.org<\/a><\/p>\n","protected":false},"excerpt":{"rendered":"<p>Concluiu-se o encontro &#8220;Co-Governan\u00e7a, corresponsabilidade nas cidades hoje&#8221;, com um documentos que prop\u00f5e, aos cidad\u00e3os e \u00e0 administra\u00e7\u00e3o p\u00fablica, a pr\u00e1tica da participa\u00e7\u00e3o e da constru\u00e7\u00e3o de redes de cidad\u00e3os, atores sociais e cidades.<\/p>\n","protected":false},"author":24,"featured_media":0,"comment_status":"open","ping_status":"open","sticky":false,"template":"","format":"standard","meta":{"give_campaign_id":0,"_seopress_robots_primary_cat":"","_seopress_titles_title":"","_seopress_titles_desc":"","_seopress_robots_index":"","_et_pb_use_builder":"","_et_pb_old_content":"","_et_gb_content_width":"","footnotes":""},"categories":[129],"tags":[],"class_list":["post-317032","post","type-post","status-publish","format-standard","hentry","category-sem-categoria"],"_links":{"self":[{"href":"https:\/\/www.focolare.org\/pt-pt\/wp-json\/wp\/v2\/posts\/317032","targetHints":{"allow":["GET"]}}],"collection":[{"href":"https:\/\/www.focolare.org\/pt-pt\/wp-json\/wp\/v2\/posts"}],"about":[{"href":"https:\/\/www.focolare.org\/pt-pt\/wp-json\/wp\/v2\/types\/post"}],"author":[{"embeddable":true,"href":"https:\/\/www.focolare.org\/pt-pt\/wp-json\/wp\/v2\/users\/24"}],"replies":[{"embeddable":true,"href":"https:\/\/www.focolare.org\/pt-pt\/wp-json\/wp\/v2\/comments?post=317032"}],"version-history":[{"count":0,"href":"https:\/\/www.focolare.org\/pt-pt\/wp-json\/wp\/v2\/posts\/317032\/revisions"}],"wp:attachment":[{"href":"https:\/\/www.focolare.org\/pt-pt\/wp-json\/wp\/v2\/media?parent=317032"}],"wp:term":[{"taxonomy":"category","embeddable":true,"href":"https:\/\/www.focolare.org\/pt-pt\/wp-json\/wp\/v2\/categories?post=317032"},{"taxonomy":"post_tag","embeddable":true,"href":"https:\/\/www.focolare.org\/pt-pt\/wp-json\/wp\/v2\/tags?post=317032"}],"curies":[{"name":"wp","href":"https:\/\/api.w.org\/{rel}","templated":true}]}}